{"id":11998,"date":"2015-07-08T11:47:44","date_gmt":"2015-07-08T09:47:44","guid":{"rendered":"http:\/\/www.iccas.de\/?p=11998"},"modified":"2019-08-14T13:51:09","modified_gmt":"2019-08-14T11:51:09","slug":"gelungene-praesentation-des-iccas-auf-dem-cars-kongress-in-barcelona","status":"publish","type":"post","link":"https:\/\/www.iccas.de\/en\/gelungene-praesentation-des-iccas-auf-dem-cars-kongress-in-barcelona\/?&lang=en","title":{"rendered":"Gelungene Pr\u00e4sentation des ICCAS auf dem CARS-Kongress in Barcelona"},"content":{"rendered":"<p>08. Juli 2015<\/p>\n<p>Auf der wichtigsten internationalen Fachkonferenz f\u00fcr computergest\u00fctzte Chirurgie und Radiologie (CARS) pr\u00e4sentierten Wissenschaftler des ICCAS in diesem Jahr nicht nur ausgew\u00e4hlte Projektergebnisse. W\u00e4hrend einer einst\u00fcndigen Session zum zehnj\u00e4hrigen ICCAS-Jubil\u00e4um stellten Gesch\u00e4ftsf\u00fchrer Prof. Andreas Melzer, Forschungsgruppenleiter Prof. Thomas Neumuth (MAI), Mario Cypko (DPM) sowie Vorstandsmitglied Prof. Andreas Dietz (UKL) die Gesamtergebnisse und Perspektiven der drei Forschungsfelder des ICCAS einem internationalen Fachpublikum vor. Die sehr gut besuchte Veranstaltung diente gleichzeitig als Offerte, das hier gezeigte Expertenwissen w\u00e4hrend der Digital Operating Room Summer School (DORS 2015) des ICCAS im August dieses Jahres eingehender zu studieren. <\/p>\n<p>Vortr\u00e4ge zu einzelnen Projektarbeiten am ICCAS hielten Stefan Franke (MAI) und  Erik Schreiber (MAI) im \u201cWorkshop on Surgical PACS and the Digital Operating Room\u201d sowie Jens Meier (MAI) und Mario Cypko (DPM) im Workshop \u201ePersonalized Medicine &#038; ICT\u201c. Prof. Thomas Neumuth (MAI) referierte in einem eingeladenen Vortrag \u00fcber Anwendungsf\u00e4lle f\u00fcr IHE Integrationsprofile und nahm am Kick-off Meeting der Arbeitsgruppe \u201eIHE Surgery\u201c teil.<br \/>\nDie Wissenschaftler informierten u.a. \u00fcber eine Methodik zur Voraussage chirurgischer Arbeitsabl\u00e4ufe im Operationssaal als Grundlage f\u00fcr die Entwicklung kontextsensitiver Workflow Management Systeme und \u00fcber eine Infrastruktur zur Verteilung von chirurgischen Prozessmodellen basierend auf Cross-enterprise model sharing (XMS) Konzepten. Die Verbesserung Digitaler Patientenmodelle durch Hinzunahme von Prozessinformationen war weiterer Themeninhalt. Zudem wurde am Beispiel von Kehlkopfkrebs eine webbasierte Anleitung klinischer Experten durch die Modellierung von Behandlungsentscheidungsmodellen vorgestellt. <\/p>\n<p>Die CARS ist f\u00fcr das ICCAS das j\u00e4hrliche Kongress-Highlight. Es ist das Forum f\u00fcr den internationalen Wissensaustausch unter Informatikern, Ingenieuren und Medizinern \u00fcber zentrale Innovationen und Technologien im Bereich computergest\u00fctzte Chirurgie. Schwerpunkte bilden u.a. bild- und modellgest\u00fctzte Interventionen, der intelligente OP der Zukunft, Entscheidungs- und Therapieunterst\u00fctzung im chirurgischen Management, computergest\u00fctzte Diagnose sowie die modellgest\u00fctzte und &#8211; weiterhin auf dem Vormarsch &#8211; die personalisierte Medizin.<\/p>\n<p>[nggallery id=22]<\/p>\n","protected":false},"excerpt":{"rendered":"<p>(more information)<\/p>\n","protected":false},"author":1,"featured_media":15989,"comment_status":"closed","ping_status":"closed","sticky":false,"template":"","format":"standard","meta":{"_acf_changed":false,"footnotes":""},"categories":[1],"tags":[],"class_list":["post-11998","post","type-post","status-publish","format-standard","has-post-thumbnail","hentry","category-news"],"acf":[],"yoast_head":"<!-- This site is optimized with the Yoast SEO plugin v26.8 - https:\/\/yoast.com\/product\/yoast-seo-wordpress\/ -->\n<title>Gelungene Pr\u00e4sentation des ICCAS auf dem CARS-Kongress in Barcelona - Innovation Center Computer Assisted Surgery<\/title>\n<meta name=\"robots\" content=\"index, follow, max-snippet:-1, max-image-preview:large, max-video-preview:-1\" \/>\n<link rel=\"canonical\" href=\"https:\/\/www.iccas.de\/gelungene-praesentation-des-iccas-auf-dem-cars-kongress-in-barcelona\/?&lang=en\" \/>\n<meta property=\"og:locale\" content=\"en_US\" \/>\n<meta property=\"og:locale:alternate\" content=\"de_DE\" \/>\n<meta property=\"og:type\" content=\"article\" \/>\n<meta property=\"og:title\" content=\"Gelungene Pr\u00e4sentation des ICCAS auf dem CARS-Kongress in Barcelona\" \/>\n<meta property=\"og:description\" content=\"(more information)\" \/>\n<meta property=\"og:url\" content=\"https:\/\/www.iccas.de\/en\/gelungene-praesentation-des-iccas-auf-dem-cars-kongress-in-barcelona\/\" \/>\n<meta property=\"og:site_name\" content=\"Innovation Center Computer Assisted Surgery\" \/>\n<meta property=\"article:published_time\" content=\"2015-07-08T09:47:44+00:00\" \/>\n<meta property=\"article:modified_time\" content=\"2019-08-14T11:51:09+00:00\" \/>\n<meta property=\"og:image\" content=\"https:\/\/www.iccas.de\/wp-content\/uploads\/2018\/03\/Kongress_web.jpg\" \/>\n\t<meta property=\"og:image:width\" content=\"1000\" \/>\n\t<meta property=\"og:image:height\" content=\"1000\" \/>\n\t<meta property=\"og:image:type\" content=\"image\/jpeg\" \/>\n<meta name=\"author\" content=\"Administrator\" \/>\n<meta name=\"twitter:card\" content=\"summary_large_image\" \/>\n<meta name=\"twitter:label1\" content=\"Written by\" \/>\n\t<meta name=\"twitter:data1\" content=\"Administrator\" \/>\n\t<meta name=\"twitter:label2\" content=\"Est. reading time\" \/>\n\t<meta name=\"twitter:data2\" content=\"2 minutes\" \/>\n<script type=\"application\/ld+json\" class=\"yoast-schema-graph\">{\"@context\":\"https:\/\/schema.org\",\"@graph\":[{\"@type\":\"Article\",\"@id\":\"https:\/\/www.iccas.de\/gelungene-praesentation-des-iccas-auf-dem-cars-kongress-in-barcelona\/#article\",\"isPartOf\":{\"@id\":\"https:\/\/www.iccas.de\/gelungene-praesentation-des-iccas-auf-dem-cars-kongress-in-barcelona\/\"},\"author\":{\"name\":\"Administrator\",\"@id\":\"https:\/\/www.iccas.de\/#\/schema\/person\/1fe9d5b749977ad026afde6eeb1bf5de\"},\"headline\":\"Gelungene Pr\u00e4sentation des ICCAS auf dem CARS-Kongress in Barcelona\",\"datePublished\":\"2015-07-08T09:47:44+00:00\",\"dateModified\":\"2019-08-14T11:51:09+00:00\",\"mainEntityOfPage\":{\"@id\":\"https:\/\/www.iccas.de\/gelungene-praesentation-des-iccas-auf-dem-cars-kongress-in-barcelona\/\"},\"wordCount\":323,\"image\":{\"@id\":\"https:\/\/www.iccas.de\/gelungene-praesentation-des-iccas-auf-dem-cars-kongress-in-barcelona\/#primaryimage\"},\"thumbnailUrl\":\"https:\/\/www.iccas.de\/wp-content\/uploads\/2018\/03\/Kongress_web.jpg\",\"articleSection\":[\"News\"],\"inLanguage\":\"en-US\"},{\"@type\":\"WebPage\",\"@id\":\"https:\/\/www.iccas.de\/gelungene-praesentation-des-iccas-auf-dem-cars-kongress-in-barcelona\/\",\"url\":\"https:\/\/www.iccas.de\/gelungene-praesentation-des-iccas-auf-dem-cars-kongress-in-barcelona\/\",\"name\":\"Gelungene Pr\u00e4sentation des ICCAS auf dem CARS-Kongress in Barcelona\",\"isPartOf\":{\"@id\":\"https:\/\/www.iccas.de\/#website\"},\"primaryImageOfPage\":{\"@id\":\"https:\/\/www.iccas.de\/gelungene-praesentation-des-iccas-auf-dem-cars-kongress-in-barcelona\/#primaryimage\"},\"image\":{\"@id\":\"https:\/\/www.iccas.de\/gelungene-praesentation-des-iccas-auf-dem-cars-kongress-in-barcelona\/#primaryimage\"},\"thumbnailUrl\":\"https:\/\/www.iccas.de\/wp-content\/uploads\/2018\/03\/Kongress_web.jpg\",\"datePublished\":\"2015-07-08T09:47:44+00:00\",\"dateModified\":\"2019-08-14T11:51:09+00:00\",\"author\":{\"@id\":\"https:\/\/www.iccas.de\/#\/schema\/person\/1fe9d5b749977ad026afde6eeb1bf5de\"},\"breadcrumb\":{\"@id\":\"https:\/\/www.iccas.de\/gelungene-praesentation-des-iccas-auf-dem-cars-kongress-in-barcelona\/#breadcrumb\"},\"inLanguage\":\"en-US\",\"potentialAction\":[{\"@type\":\"ReadAction\",\"target\":[\"https:\/\/www.iccas.de\/gelungene-praesentation-des-iccas-auf-dem-cars-kongress-in-barcelona\/\"]}]},{\"@type\":\"ImageObject\",\"inLanguage\":\"en-US\",\"@id\":\"https:\/\/www.iccas.de\/gelungene-praesentation-des-iccas-auf-dem-cars-kongress-in-barcelona\/#primaryimage\",\"url\":\"https:\/\/www.iccas.de\/wp-content\/uploads\/2018\/03\/Kongress_web.jpg\",\"contentUrl\":\"https:\/\/www.iccas.de\/wp-content\/uploads\/2018\/03\/Kongress_web.jpg\",\"width\":1000,\"height\":1000},{\"@type\":\"BreadcrumbList\",\"@id\":\"https:\/\/www.iccas.de\/gelungene-praesentation-des-iccas-auf-dem-cars-kongress-in-barcelona\/#breadcrumb\",\"itemListElement\":[{\"@type\":\"ListItem\",\"position\":1,\"name\":\"Home\",\"item\":\"https:\/\/www.iccas.de\/?&lang=en\"},{\"@type\":\"ListItem\",\"position\":2,\"name\":\"Gelungene Pr\u00e4sentation des ICCAS auf dem CARS-Kongress in Barcelona\"}]},{\"@type\":\"WebSite\",\"@id\":\"https:\/\/www.iccas.de\/#website\",\"url\":\"https:\/\/www.iccas.de\/\",\"name\":\"Innovation Center Computer Assisted Surgery\",\"description\":\"\",\"potentialAction\":[{\"@type\":\"SearchAction\",\"target\":{\"@type\":\"EntryPoint\",\"urlTemplate\":\"https:\/\/www.iccas.de\/?s={search_term_string}\"},\"query-input\":{\"@type\":\"PropertyValueSpecification\",\"valueRequired\":true,\"valueName\":\"search_term_string\"}}],\"inLanguage\":\"en-US\"},{\"@type\":\"Person\",\"@id\":\"https:\/\/www.iccas.de\/#\/schema\/person\/1fe9d5b749977ad026afde6eeb1bf5de\",\"name\":\"Administrator\",\"image\":{\"@type\":\"ImageObject\",\"inLanguage\":\"en-US\",\"@id\":\"https:\/\/www.iccas.de\/#\/schema\/person\/image\/\",\"url\":\"https:\/\/secure.gravatar.com\/avatar\/4d7b579b767f3098d0ec012339493dee513fd6bd30b0c7d78ef003a5c993eccf?s=96&d=mm&r=g\",\"contentUrl\":\"https:\/\/secure.gravatar.com\/avatar\/4d7b579b767f3098d0ec012339493dee513fd6bd30b0c7d78ef003a5c993eccf?s=96&d=mm&r=g\",\"caption\":\"Administrator\"},\"url\":\"https:\/\/www.iccas.de\/en\/author\/administrator\/\"}]}<\/script>\n<!-- \/ Yoast SEO plugin. -->","yoast_head_json":{"title":"Gelungene Pr\u00e4sentation des ICCAS auf dem CARS-Kongress in Barcelona - Innovation Center Computer Assisted Surgery","robots":{"index":"index","follow":"follow","max-snippet":"max-snippet:-1","max-image-preview":"max-image-preview:large","max-video-preview":"max-video-preview:-1"},"canonical":"https:\/\/www.iccas.de\/gelungene-praesentation-des-iccas-auf-dem-cars-kongress-in-barcelona\/?&lang=en","og_locale":"en_US","og_type":"article","og_title":"[:de]Gelungene Pr\u00e4sentation des ICCAS auf dem CARS-Kongress in Barcelona[:] - Innovation Center Computer Assisted Surgery","og_description":"08. Juli 2015 Auf der wichtigsten internationalen Fachkonferenz f\u00fcr computergest\u00fctzte Chirurgie und Radiologie (CARS) pr\u00e4sentierten Wissenschaftler des ICCAS in diesem Jahr nicht nur ausgew\u00e4hlte Projektergebnisse. W\u00e4hrend einer einst\u00fcndigen Session zum zehnj\u00e4hrigen ICCAS-Jubil\u00e4um stellten Gesch\u00e4ftsf\u00fchrer Prof. Andreas Melzer, Forschungsgruppenleiter Prof. Thomas Neumuth (MAI), Mario Cypko (DPM) sowie Vorstandsmitglied Prof. Andreas Dietz (UKL) die Gesamtergebnisse und Perspektiven der drei [:en](more information)[:de](mehr lesen)","og_url":"https:\/\/www.iccas.de\/en\/gelungene-praesentation-des-iccas-auf-dem-cars-kongress-in-barcelona\/","og_site_name":"Innovation Center Computer Assisted Surgery","article_published_time":"2015-07-08T09:47:44+00:00","article_modified_time":"2019-08-14T11:51:09+00:00","og_image":[{"width":1000,"height":1000,"url":"https:\/\/www.iccas.de\/wp-content\/uploads\/2018\/03\/Kongress_web.jpg","type":"image\/jpeg"}],"author":"Administrator","twitter_card":"summary_large_image","twitter_misc":{"Written by":"Administrator","Est. reading time":"2 minutes"},"schema":{"@context":"https:\/\/schema.org","@graph":[{"@type":"Article","@id":"https:\/\/www.iccas.de\/gelungene-praesentation-des-iccas-auf-dem-cars-kongress-in-barcelona\/#article","isPartOf":{"@id":"https:\/\/www.iccas.de\/gelungene-praesentation-des-iccas-auf-dem-cars-kongress-in-barcelona\/"},"author":{"name":"Administrator","@id":"https:\/\/www.iccas.de\/#\/schema\/person\/1fe9d5b749977ad026afde6eeb1bf5de"},"headline":"Gelungene Pr\u00e4sentation des ICCAS auf dem CARS-Kongress in Barcelona","datePublished":"2015-07-08T09:47:44+00:00","dateModified":"2019-08-14T11:51:09+00:00","mainEntityOfPage":{"@id":"https:\/\/www.iccas.de\/gelungene-praesentation-des-iccas-auf-dem-cars-kongress-in-barcelona\/"},"wordCount":323,"image":{"@id":"https:\/\/www.iccas.de\/gelungene-praesentation-des-iccas-auf-dem-cars-kongress-in-barcelona\/#primaryimage"},"thumbnailUrl":"https:\/\/www.iccas.de\/wp-content\/uploads\/2018\/03\/Kongress_web.jpg","articleSection":["News"],"inLanguage":"en-US"},{"@type":"WebPage","@id":"https:\/\/www.iccas.de\/gelungene-praesentation-des-iccas-auf-dem-cars-kongress-in-barcelona\/","url":"https:\/\/www.iccas.de\/gelungene-praesentation-des-iccas-auf-dem-cars-kongress-in-barcelona\/","name":"Gelungene Pr\u00e4sentation des ICCAS auf dem CARS-Kongress in Barcelona","isPartOf":{"@id":"https:\/\/www.iccas.de\/#website"},"primaryImageOfPage":{"@id":"https:\/\/www.iccas.de\/gelungene-praesentation-des-iccas-auf-dem-cars-kongress-in-barcelona\/#primaryimage"},"image":{"@id":"https:\/\/www.iccas.de\/gelungene-praesentation-des-iccas-auf-dem-cars-kongress-in-barcelona\/#primaryimage"},"thumbnailUrl":"https:\/\/www.iccas.de\/wp-content\/uploads\/2018\/03\/Kongress_web.jpg","datePublished":"2015-07-08T09:47:44+00:00","dateModified":"2019-08-14T11:51:09+00:00","author":{"@id":"https:\/\/www.iccas.de\/#\/schema\/person\/1fe9d5b749977ad026afde6eeb1bf5de"},"breadcrumb":{"@id":"https:\/\/www.iccas.de\/gelungene-praesentation-des-iccas-auf-dem-cars-kongress-in-barcelona\/#breadcrumb"},"inLanguage":"en-US","potentialAction":[{"@type":"ReadAction","target":["https:\/\/www.iccas.de\/gelungene-praesentation-des-iccas-auf-dem-cars-kongress-in-barcelona\/"]}]},{"@type":"ImageObject","inLanguage":"en-US","@id":"https:\/\/www.iccas.de\/gelungene-praesentation-des-iccas-auf-dem-cars-kongress-in-barcelona\/#primaryimage","url":"https:\/\/www.iccas.de\/wp-content\/uploads\/2018\/03\/Kongress_web.jpg","contentUrl":"https:\/\/www.iccas.de\/wp-content\/uploads\/2018\/03\/Kongress_web.jpg","width":1000,"height":1000},{"@type":"BreadcrumbList","@id":"https:\/\/www.iccas.de\/gelungene-praesentation-des-iccas-auf-dem-cars-kongress-in-barcelona\/#breadcrumb","itemListElement":[{"@type":"ListItem","position":1,"name":"Home","item":"https:\/\/www.iccas.de\/?&lang=en"},{"@type":"ListItem","position":2,"name":"Gelungene Pr\u00e4sentation des ICCAS auf dem CARS-Kongress in Barcelona"}]},{"@type":"WebSite","@id":"https:\/\/www.iccas.de\/#website","url":"https:\/\/www.iccas.de\/","name":"Innovation Center Computer Assisted Surgery","description":"","potentialAction":[{"@type":"SearchAction","target":{"@type":"EntryPoint","urlTemplate":"https:\/\/www.iccas.de\/?s={search_term_string}"},"query-input":{"@type":"PropertyValueSpecification","valueRequired":true,"valueName":"search_term_string"}}],"inLanguage":"en-US"},{"@type":"Person","@id":"https:\/\/www.iccas.de\/#\/schema\/person\/1fe9d5b749977ad026afde6eeb1bf5de","name":"Administrator","image":{"@type":"ImageObject","inLanguage":"en-US","@id":"https:\/\/www.iccas.de\/#\/schema\/person\/image\/","url":"https:\/\/secure.gravatar.com\/avatar\/4d7b579b767f3098d0ec012339493dee513fd6bd30b0c7d78ef003a5c993eccf?s=96&d=mm&r=g","contentUrl":"https:\/\/secure.gravatar.com\/avatar\/4d7b579b767f3098d0ec012339493dee513fd6bd30b0c7d78ef003a5c993eccf?s=96&d=mm&r=g","caption":"Administrator"},"url":"https:\/\/www.iccas.de\/en\/author\/administrator\/"}]}},"_links":{"self":[{"href":"https:\/\/www.iccas.de\/en\/wp-json\/wp\/v2\/posts\/11998","targetHints":{"allow":["GET"]}}],"collection":[{"href":"https:\/\/www.iccas.de\/en\/wp-json\/wp\/v2\/posts"}],"about":[{"href":"https:\/\/www.iccas.de\/en\/wp-json\/wp\/v2\/types\/post"}],"author":[{"embeddable":true,"href":"https:\/\/www.iccas.de\/en\/wp-json\/wp\/v2\/users\/1"}],"replies":[{"embeddable":true,"href":"https:\/\/www.iccas.de\/en\/wp-json\/wp\/v2\/comments?post=11998"}],"version-history":[{"count":2,"href":"https:\/\/www.iccas.de\/en\/wp-json\/wp\/v2\/posts\/11998\/revisions"}],"predecessor-version":[{"id":20747,"href":"https:\/\/www.iccas.de\/en\/wp-json\/wp\/v2\/posts\/11998\/revisions\/20747"}],"wp:featuredmedia":[{"embeddable":true,"href":"https:\/\/www.iccas.de\/en\/wp-json\/wp\/v2\/media\/15989"}],"wp:attachment":[{"href":"https:\/\/www.iccas.de\/en\/wp-json\/wp\/v2\/media?parent=11998"}],"wp:term":[{"taxonomy":"category","embeddable":true,"href":"https:\/\/www.iccas.de\/en\/wp-json\/wp\/v2\/categories?post=11998"},{"taxonomy":"post_tag","embeddable":true,"href":"https:\/\/www.iccas.de\/en\/wp-json\/wp\/v2\/tags?post=11998"}],"curies":[{"name":"wp","href":"https:\/\/api.w.org\/{rel}","templated":true}]}}