{"id":12119,"date":"2015-08-28T10:23:08","date_gmt":"2015-08-28T08:23:08","guid":{"rendered":"http:\/\/www.iccas.de\/?p=12119"},"modified":"2019-08-14T13:51:09","modified_gmt":"2019-08-14T11:51:09","slug":"gelungene-presseeinladung-zum-10-jaehrigen-iccas-jubilaeum","status":"publish","type":"post","link":"https:\/\/www.iccas.de\/en\/gelungene-presseeinladung-zum-10-jaehrigen-iccas-jubilaeum\/?&lang=en","title":{"rendered":"Gelungene Presseeinladung zum 10-j\u00e4hrigen ICCAS-Jubil\u00e4um"},"content":{"rendered":"<p>27. August 2015<\/p>\n<p>Anl\u00e4sslich seines 10 j\u00e4hrigen Jubil\u00e4ums  lud das ICCAS am 27.08.2015 zu einem Pressegespr\u00e4ch ein. Institutsdirektor Prof. Andreas Melzer und Prof. Thomas Neumuth informierten \u00fcber den erfolgreichen Werdegang sowie aktuelle und zuk\u00fcnftige Projekte des Instituts. Prof. Melzer erl\u00e4uterte in diesem Zusammenhang die m\u00f6glichen Anwendungen des Fokussierten Ultraschalls unter Magnetresonanztomographie, die im neuen ICCAS-Forschungsfeld \u201eNichtinvasive Bildgebende Chirurgie\u201c eine gro\u00dfe Rolle spielen werden. Anschlie\u00dfend erkl\u00e4rten Wissenschaftler am Computerkonstrukt  den Stand der Forschung zum \u201eDigitalen Patientenmodell\u201c. Der Demo-OP wurde zur Kulisse f\u00fcr die eindrucksvolle Simulierung einer Nasennebenh\u00f6hlen-OP unter Steuerung eines mitdenkenden Assistenzsystems, das die OP-Schritte erkennt und  den Chirurgen vor Gefahrensituationen warnt. Die Demonstration der \u201eMagischen Linse\u201c &#8211; eines iPads mit dem der Chirurg wie durch ein Fenster ins Innere des K\u00f6rpers schauen kann  \u2013 war abschlie\u00dfender Teil der gelungenen ICCAS-Pr\u00e4sentation.     <\/p>\n<p><em><a href=\"http:\/\/www.info-tv-leipzig.de\/showVideoNr.php?q=MTM5NTUja2F0aHJpbi5zY2hvbHpAbWVkaXppbi51bmktbGVpcHppZy5kZQ\">Video info tv leipzig<\/a><\/em><\/p>\n<p><em><a href=\"http:\/\/www.iccas.de\/wp-content\/uploads\/2015\/08\/Artikel-LVZ-27.08.2015.pdf\">Artikel LVZ<\/a><\/em><\/p>\n<p>[nggallery id=24]<\/p>\n","protected":false},"excerpt":{"rendered":"<p>(more information)<\/p>\n","protected":false},"author":1,"featured_media":0,"comment_status":"closed","ping_status":"closed","sticky":false,"template":"","format":"standard","meta":{"_acf_changed":false,"footnotes":""},"categories":[1],"tags":[],"class_list":["post-12119","post","type-post","status-publish","format-standard","hentry","category-news"],"acf":[],"yoast_head":"<!-- This site is optimized with the Yoast SEO plugin v26.8 - https:\/\/yoast.com\/product\/yoast-seo-wordpress\/ -->\n<title>Gelungene Presseeinladung zum 10-j\u00e4hrigen ICCAS-Jubil\u00e4um - Innovation Center Computer Assisted Surgery<\/title>\n<meta name=\"robots\" content=\"index, follow, max-snippet:-1, max-image-preview:large, max-video-preview:-1\" \/>\n<link rel=\"canonical\" href=\"https:\/\/www.iccas.de\/gelungene-presseeinladung-zum-10-jaehrigen-iccas-jubilaeum\/?&lang=en\" \/>\n<meta property=\"og:locale\" content=\"en_US\" \/>\n<meta property=\"og:locale:alternate\" content=\"de_DE\" \/>\n<meta property=\"og:type\" content=\"article\" \/>\n<meta property=\"og:title\" content=\"Gelungene Presseeinladung zum 10-j\u00e4hrigen ICCAS-Jubil\u00e4um\" \/>\n<meta property=\"og:description\" content=\"(more information)\" \/>\n<meta property=\"og:url\" content=\"https:\/\/www.iccas.de\/en\/gelungene-presseeinladung-zum-10-jaehrigen-iccas-jubilaeum\/\" \/>\n<meta property=\"og:site_name\" content=\"Innovation Center Computer Assisted Surgery\" \/>\n<meta property=\"article:published_time\" content=\"2015-08-28T08:23:08+00:00\" \/>\n<meta property=\"article:modified_time\" content=\"2019-08-14T11:51:09+00:00\" \/>\n<meta name=\"author\" content=\"Administrator\" \/>\n<meta name=\"twitter:card\" content=\"summary_large_image\" \/>\n<meta name=\"twitter:label1\" content=\"Written by\" \/>\n\t<meta name=\"twitter:data1\" content=\"Administrator\" \/>\n\t<meta name=\"twitter:label2\" content=\"Est. reading time\" \/>\n\t<meta name=\"twitter:data2\" content=\"1 minute\" \/>\n<script type=\"application\/ld+json\" class=\"yoast-schema-graph\">{\"@context\":\"https:\/\/schema.org\",\"@graph\":[{\"@type\":\"Article\",\"@id\":\"https:\/\/www.iccas.de\/gelungene-presseeinladung-zum-10-jaehrigen-iccas-jubilaeum\/#article\",\"isPartOf\":{\"@id\":\"https:\/\/www.iccas.de\/gelungene-presseeinladung-zum-10-jaehrigen-iccas-jubilaeum\/\"},\"author\":{\"name\":\"Administrator\",\"@id\":\"https:\/\/www.iccas.de\/#\/schema\/person\/1fe9d5b749977ad026afde6eeb1bf5de\"},\"headline\":\"Gelungene Presseeinladung zum 10-j\u00e4hrigen ICCAS-Jubil\u00e4um\",\"datePublished\":\"2015-08-28T08:23:08+00:00\",\"dateModified\":\"2019-08-14T11:51:09+00:00\",\"mainEntityOfPage\":{\"@id\":\"https:\/\/www.iccas.de\/gelungene-presseeinladung-zum-10-jaehrigen-iccas-jubilaeum\/\"},\"wordCount\":157,\"articleSection\":[\"News\"],\"inLanguage\":\"en-US\"},{\"@type\":\"WebPage\",\"@id\":\"https:\/\/www.iccas.de\/gelungene-presseeinladung-zum-10-jaehrigen-iccas-jubilaeum\/\",\"url\":\"https:\/\/www.iccas.de\/gelungene-presseeinladung-zum-10-jaehrigen-iccas-jubilaeum\/\",\"name\":\"Gelungene Presseeinladung zum 10-j\u00e4hrigen ICCAS-Jubil\u00e4um\",\"isPartOf\":{\"@id\":\"https:\/\/www.iccas.de\/#website\"},\"datePublished\":\"2015-08-28T08:23:08+00:00\",\"dateModified\":\"2019-08-14T11:51:09+00:00\",\"author\":{\"@id\":\"https:\/\/www.iccas.de\/#\/schema\/person\/1fe9d5b749977ad026afde6eeb1bf5de\"},\"breadcrumb\":{\"@id\":\"https:\/\/www.iccas.de\/gelungene-presseeinladung-zum-10-jaehrigen-iccas-jubilaeum\/#breadcrumb\"},\"inLanguage\":\"en-US\",\"potentialAction\":[{\"@type\":\"ReadAction\",\"target\":[\"https:\/\/www.iccas.de\/gelungene-presseeinladung-zum-10-jaehrigen-iccas-jubilaeum\/\"]}]},{\"@type\":\"BreadcrumbList\",\"@id\":\"https:\/\/www.iccas.de\/gelungene-presseeinladung-zum-10-jaehrigen-iccas-jubilaeum\/#breadcrumb\",\"itemListElement\":[{\"@type\":\"ListItem\",\"position\":1,\"name\":\"Home\",\"item\":\"https:\/\/www.iccas.de\/?&lang=en\"},{\"@type\":\"ListItem\",\"position\":2,\"name\":\"Gelungene Presseeinladung zum 10-j\u00e4hrigen ICCAS-Jubil\u00e4um\"}]},{\"@type\":\"WebSite\",\"@id\":\"https:\/\/www.iccas.de\/#website\",\"url\":\"https:\/\/www.iccas.de\/\",\"name\":\"Innovation Center Computer Assisted Surgery\",\"description\":\"\",\"potentialAction\":[{\"@type\":\"SearchAction\",\"target\":{\"@type\":\"EntryPoint\",\"urlTemplate\":\"https:\/\/www.iccas.de\/?s={search_term_string}\"},\"query-input\":{\"@type\":\"PropertyValueSpecification\",\"valueRequired\":true,\"valueName\":\"search_term_string\"}}],\"inLanguage\":\"en-US\"},{\"@type\":\"Person\",\"@id\":\"https:\/\/www.iccas.de\/#\/schema\/person\/1fe9d5b749977ad026afde6eeb1bf5de\",\"name\":\"Administrator\",\"image\":{\"@type\":\"ImageObject\",\"inLanguage\":\"en-US\",\"@id\":\"https:\/\/www.iccas.de\/#\/schema\/person\/image\/\",\"url\":\"https:\/\/secure.gravatar.com\/avatar\/4d7b579b767f3098d0ec012339493dee513fd6bd30b0c7d78ef003a5c993eccf?s=96&d=mm&r=g\",\"contentUrl\":\"https:\/\/secure.gravatar.com\/avatar\/4d7b579b767f3098d0ec012339493dee513fd6bd30b0c7d78ef003a5c993eccf?s=96&d=mm&r=g\",\"caption\":\"Administrator\"},\"url\":\"https:\/\/www.iccas.de\/en\/author\/administrator\/\"}]}<\/script>\n<!-- \/ Yoast SEO plugin. -->","yoast_head_json":{"title":"Gelungene Presseeinladung zum 10-j\u00e4hrigen ICCAS-Jubil\u00e4um - Innovation Center Computer Assisted Surgery","robots":{"index":"index","follow":"follow","max-snippet":"max-snippet:-1","max-image-preview":"max-image-preview:large","max-video-preview":"max-video-preview:-1"},"canonical":"https:\/\/www.iccas.de\/gelungene-presseeinladung-zum-10-jaehrigen-iccas-jubilaeum\/?&lang=en","og_locale":"en_US","og_type":"article","og_title":"[:de]Gelungene Presseeinladung zum 10-j\u00e4hrigen ICCAS-Jubil\u00e4um[:] - Innovation Center Computer Assisted Surgery","og_description":"27. August 2015 Anl\u00e4sslich seines 10 j\u00e4hrigen Jubil\u00e4ums lud das ICCAS am 27.08.2015 zu einem Pressegespr\u00e4ch ein. Institutsdirektor Prof. Andreas Melzer und Prof. Thomas Neumuth informierten \u00fcber den erfolgreichen Werdegang sowie aktuelle und zuk\u00fcnftige Projekte des Instituts. Prof. Melzer erl\u00e4uterte in diesem Zusammenhang die m\u00f6glichen Anwendungen des Fokussierten Ultraschalls unter Magnetresonanztomographie, die im neuen ICCAS-Forschungsfeld \u201eNichtinvasive Bildgebende [:en](more information)[:de](mehr lesen)","og_url":"https:\/\/www.iccas.de\/en\/gelungene-presseeinladung-zum-10-jaehrigen-iccas-jubilaeum\/","og_site_name":"Innovation Center Computer Assisted Surgery","article_published_time":"2015-08-28T08:23:08+00:00","article_modified_time":"2019-08-14T11:51:09+00:00","author":"Administrator","twitter_card":"summary_large_image","twitter_misc":{"Written by":"Administrator","Est. reading time":"1 minute"},"schema":{"@context":"https:\/\/schema.org","@graph":[{"@type":"Article","@id":"https:\/\/www.iccas.de\/gelungene-presseeinladung-zum-10-jaehrigen-iccas-jubilaeum\/#article","isPartOf":{"@id":"https:\/\/www.iccas.de\/gelungene-presseeinladung-zum-10-jaehrigen-iccas-jubilaeum\/"},"author":{"name":"Administrator","@id":"https:\/\/www.iccas.de\/#\/schema\/person\/1fe9d5b749977ad026afde6eeb1bf5de"},"headline":"Gelungene Presseeinladung zum 10-j\u00e4hrigen ICCAS-Jubil\u00e4um","datePublished":"2015-08-28T08:23:08+00:00","dateModified":"2019-08-14T11:51:09+00:00","mainEntityOfPage":{"@id":"https:\/\/www.iccas.de\/gelungene-presseeinladung-zum-10-jaehrigen-iccas-jubilaeum\/"},"wordCount":157,"articleSection":["News"],"inLanguage":"en-US"},{"@type":"WebPage","@id":"https:\/\/www.iccas.de\/gelungene-presseeinladung-zum-10-jaehrigen-iccas-jubilaeum\/","url":"https:\/\/www.iccas.de\/gelungene-presseeinladung-zum-10-jaehrigen-iccas-jubilaeum\/","name":"Gelungene Presseeinladung zum 10-j\u00e4hrigen ICCAS-Jubil\u00e4um","isPartOf":{"@id":"https:\/\/www.iccas.de\/#website"},"datePublished":"2015-08-28T08:23:08+00:00","dateModified":"2019-08-14T11:51:09+00:00","author":{"@id":"https:\/\/www.iccas.de\/#\/schema\/person\/1fe9d5b749977ad026afde6eeb1bf5de"},"breadcrumb":{"@id":"https:\/\/www.iccas.de\/gelungene-presseeinladung-zum-10-jaehrigen-iccas-jubilaeum\/#breadcrumb"},"inLanguage":"en-US","potentialAction":[{"@type":"ReadAction","target":["https:\/\/www.iccas.de\/gelungene-presseeinladung-zum-10-jaehrigen-iccas-jubilaeum\/"]}]},{"@type":"BreadcrumbList","@id":"https:\/\/www.iccas.de\/gelungene-presseeinladung-zum-10-jaehrigen-iccas-jubilaeum\/#breadcrumb","itemListElement":[{"@type":"ListItem","position":1,"name":"Home","item":"https:\/\/www.iccas.de\/?&lang=en"},{"@type":"ListItem","position":2,"name":"Gelungene Presseeinladung zum 10-j\u00e4hrigen ICCAS-Jubil\u00e4um"}]},{"@type":"WebSite","@id":"https:\/\/www.iccas.de\/#website","url":"https:\/\/www.iccas.de\/","name":"Innovation Center Computer Assisted Surgery","description":"","potentialAction":[{"@type":"SearchAction","target":{"@type":"EntryPoint","urlTemplate":"https:\/\/www.iccas.de\/?s={search_term_string}"},"query-input":{"@type":"PropertyValueSpecification","valueRequired":true,"valueName":"search_term_string"}}],"inLanguage":"en-US"},{"@type":"Person","@id":"https:\/\/www.iccas.de\/#\/schema\/person\/1fe9d5b749977ad026afde6eeb1bf5de","name":"Administrator","image":{"@type":"ImageObject","inLanguage":"en-US","@id":"https:\/\/www.iccas.de\/#\/schema\/person\/image\/","url":"https:\/\/secure.gravatar.com\/avatar\/4d7b579b767f3098d0ec012339493dee513fd6bd30b0c7d78ef003a5c993eccf?s=96&d=mm&r=g","contentUrl":"https:\/\/secure.gravatar.com\/avatar\/4d7b579b767f3098d0ec012339493dee513fd6bd30b0c7d78ef003a5c993eccf?s=96&d=mm&r=g","caption":"Administrator"},"url":"https:\/\/www.iccas.de\/en\/author\/administrator\/"}]}},"_links":{"self":[{"href":"https:\/\/www.iccas.de\/en\/wp-json\/wp\/v2\/posts\/12119","targetHints":{"allow":["GET"]}}],"collection":[{"href":"https:\/\/www.iccas.de\/en\/wp-json\/wp\/v2\/posts"}],"about":[{"href":"https:\/\/www.iccas.de\/en\/wp-json\/wp\/v2\/types\/post"}],"author":[{"embeddable":true,"href":"https:\/\/www.iccas.de\/en\/wp-json\/wp\/v2\/users\/1"}],"replies":[{"embeddable":true,"href":"https:\/\/www.iccas.de\/en\/wp-json\/wp\/v2\/comments?post=12119"}],"version-history":[{"count":1,"href":"https:\/\/www.iccas.de\/en\/wp-json\/wp\/v2\/posts\/12119\/revisions"}],"predecessor-version":[{"id":20742,"href":"https:\/\/www.iccas.de\/en\/wp-json\/wp\/v2\/posts\/12119\/revisions\/20742"}],"wp:attachment":[{"href":"https:\/\/www.iccas.de\/en\/wp-json\/wp\/v2\/media?parent=12119"}],"wp:term":[{"taxonomy":"category","embeddable":true,"href":"https:\/\/www.iccas.de\/en\/wp-json\/wp\/v2\/categories?post=12119"},{"taxonomy":"post_tag","embeddable":true,"href":"https:\/\/www.iccas.de\/en\/wp-json\/wp\/v2\/tags?post=12119"}],"curies":[{"name":"wp","href":"https:\/\/api.w.org\/{rel}","templated":true}]}}