{"id":13161,"date":"2016-05-04T15:05:50","date_gmt":"2016-05-04T13:05:50","guid":{"rendered":"https:\/\/www.iccas.de\/?p=13161"},"modified":"2019-08-14T13:51:07","modified_gmt":"2019-08-14T11:51:07","slug":"prof-melzer-und-prof-dietz-auf-der-87-jahresversammlung-der-deutschen-gesellschaft-fuer-hno-heilkunde","status":"publish","type":"post","link":"https:\/\/www.iccas.de\/en\/prof-melzer-und-prof-dietz-auf-der-87-jahresversammlung-der-deutschen-gesellschaft-fuer-hno-heilkunde\/?&lang=en","title":{"rendered":"Prof. Melzer und Prof. Dietz auf der 87. Jahresversammlung der Deutschen Gesellschaft f\u00fcr HNO-Heilkunde"},"content":{"rendered":"<p>Die 87. Jahresversammlung der Deutschen Gesellschaft f\u00fcr Hals-Nasen-Ohren-Heilkunde, Kopf- und Hals-Chirurgie e.V. findet in diesem Jahr vom 04.-07.05.2016 im CongressCenter D\u00fcsseldorf statt.<br \/>\nDort \u00fcbernimmt Professor Andreas Melzer die Leitung der Sitzung &#8220;Chirurgische Assistenzverfahren&#8221; (07.05.2016, ab 10.30Uhr| Raum 2, 1.OG)).<br \/>\nICCAS-Vorstandsmitglied Prof. Andreas Dietz leitet die Gesch\u00e4ftssitzung der Arbeitsgemeinschaft Onkologie  der Deutschen Gesellschaft f\u00fcr HNO-Heilkunde (05.05.2016, 17.30-18.30Uhr | Raum 18\/19, 1.OG) sowie eine Sondersitzung zur onkologischen Forschung (05.05.2016 | Raum 18\/19, 1.OG). Des Weiteren moderiert er ein Rundgespr\u00e4ch zum interdisziplin\u00e4ren Tumorboard (6.05.2016, 13-14.30Uhr | Saal Y, 1.OG).    <\/p>\n<p><em><em><a href=\"https:\/\/www.iccas.de\/wp-content\/uploads\/2016\/05\/AG-Onkologie_Rundschreiben-Jahreskongress_2016-2.pdf\">Link zur Programm\u00fcbersicht<\/a><\/em><\/em><\/p>\n","protected":false},"excerpt":{"rendered":"<p>(more information)<\/p>\n","protected":false},"author":1,"featured_media":15989,"comment_status":"closed","ping_status":"closed","sticky":false,"template":"","format":"standard","meta":{"_acf_changed":false,"footnotes":""},"categories":[1],"tags":[],"class_list":["post-13161","post","type-post","status-publish","format-standard","has-post-thumbnail","hentry","category-news"],"acf":[],"yoast_head":"<!-- This site is optimized with the Yoast SEO plugin v26.8 - https:\/\/yoast.com\/product\/yoast-seo-wordpress\/ -->\n<title>Prof. Melzer und Prof. Dietz auf der 87. Jahresversammlung der Deutschen Gesellschaft f\u00fcr HNO-Heilkunde - Innovation Center Computer Assisted Surgery<\/title>\n<meta name=\"robots\" content=\"index, follow, max-snippet:-1, max-image-preview:large, max-video-preview:-1\" \/>\n<link rel=\"canonical\" href=\"https:\/\/www.iccas.de\/prof-melzer-und-prof-dietz-auf-der-87-jahresversammlung-der-deutschen-gesellschaft-fuer-hno-heilkunde\/?&lang=en\" \/>\n<meta property=\"og:locale\" content=\"en_US\" \/>\n<meta property=\"og:locale:alternate\" content=\"de_DE\" \/>\n<meta property=\"og:type\" content=\"article\" \/>\n<meta property=\"og:title\" content=\"Prof. Melzer und Prof. Dietz auf der 87. Jahresversammlung der Deutschen Gesellschaft f\u00fcr HNO-Heilkunde\" \/>\n<meta property=\"og:description\" content=\"(more information)\" \/>\n<meta property=\"og:url\" content=\"https:\/\/www.iccas.de\/en\/prof-melzer-und-prof-dietz-auf-der-87-jahresversammlung-der-deutschen-gesellschaft-fuer-hno-heilkunde\/\" \/>\n<meta property=\"og:site_name\" content=\"Innovation Center Computer Assisted Surgery\" \/>\n<meta property=\"article:published_time\" content=\"2016-05-04T13:05:50+00:00\" \/>\n<meta property=\"article:modified_time\" content=\"2019-08-14T11:51:07+00:00\" \/>\n<meta property=\"og:image\" content=\"https:\/\/www.iccas.de\/wp-content\/uploads\/2018\/03\/Kongress_web.jpg\" \/>\n\t<meta property=\"og:image:width\" content=\"1000\" \/>\n\t<meta property=\"og:image:height\" content=\"1000\" \/>\n\t<meta property=\"og:image:type\" content=\"image\/jpeg\" \/>\n<meta name=\"author\" content=\"Administrator\" \/>\n<meta name=\"twitter:card\" content=\"summary_large_image\" \/>\n<meta name=\"twitter:label1\" content=\"Written by\" \/>\n\t<meta name=\"twitter:data1\" content=\"Administrator\" \/>\n<script type=\"application\/ld+json\" class=\"yoast-schema-graph\">{\"@context\":\"https:\/\/schema.org\",\"@graph\":[{\"@type\":\"Article\",\"@id\":\"https:\/\/www.iccas.de\/prof-melzer-und-prof-dietz-auf-der-87-jahresversammlung-der-deutschen-gesellschaft-fuer-hno-heilkunde\/#article\",\"isPartOf\":{\"@id\":\"https:\/\/www.iccas.de\/prof-melzer-und-prof-dietz-auf-der-87-jahresversammlung-der-deutschen-gesellschaft-fuer-hno-heilkunde\/\"},\"author\":{\"name\":\"Administrator\",\"@id\":\"https:\/\/www.iccas.de\/#\/schema\/person\/1fe9d5b749977ad026afde6eeb1bf5de\"},\"headline\":\"Prof. Melzer und Prof. Dietz auf der 87. Jahresversammlung der Deutschen Gesellschaft f\u00fcr HNO-Heilkunde\",\"datePublished\":\"2016-05-04T13:05:50+00:00\",\"dateModified\":\"2019-08-14T11:51:07+00:00\",\"mainEntityOfPage\":{\"@id\":\"https:\/\/www.iccas.de\/prof-melzer-und-prof-dietz-auf-der-87-jahresversammlung-der-deutschen-gesellschaft-fuer-hno-heilkunde\/\"},\"wordCount\":104,\"image\":{\"@id\":\"https:\/\/www.iccas.de\/prof-melzer-und-prof-dietz-auf-der-87-jahresversammlung-der-deutschen-gesellschaft-fuer-hno-heilkunde\/#primaryimage\"},\"thumbnailUrl\":\"https:\/\/www.iccas.de\/wp-content\/uploads\/2018\/03\/Kongress_web.jpg\",\"articleSection\":[\"News\"],\"inLanguage\":\"en-US\"},{\"@type\":\"WebPage\",\"@id\":\"https:\/\/www.iccas.de\/prof-melzer-und-prof-dietz-auf-der-87-jahresversammlung-der-deutschen-gesellschaft-fuer-hno-heilkunde\/\",\"url\":\"https:\/\/www.iccas.de\/prof-melzer-und-prof-dietz-auf-der-87-jahresversammlung-der-deutschen-gesellschaft-fuer-hno-heilkunde\/\",\"name\":\"Prof. Melzer und Prof. Dietz auf der 87. Jahresversammlung der Deutschen Gesellschaft f\u00fcr HNO-Heilkunde\",\"isPartOf\":{\"@id\":\"https:\/\/www.iccas.de\/#website\"},\"primaryImageOfPage\":{\"@id\":\"https:\/\/www.iccas.de\/prof-melzer-und-prof-dietz-auf-der-87-jahresversammlung-der-deutschen-gesellschaft-fuer-hno-heilkunde\/#primaryimage\"},\"image\":{\"@id\":\"https:\/\/www.iccas.de\/prof-melzer-und-prof-dietz-auf-der-87-jahresversammlung-der-deutschen-gesellschaft-fuer-hno-heilkunde\/#primaryimage\"},\"thumbnailUrl\":\"https:\/\/www.iccas.de\/wp-content\/uploads\/2018\/03\/Kongress_web.jpg\",\"datePublished\":\"2016-05-04T13:05:50+00:00\",\"dateModified\":\"2019-08-14T11:51:07+00:00\",\"author\":{\"@id\":\"https:\/\/www.iccas.de\/#\/schema\/person\/1fe9d5b749977ad026afde6eeb1bf5de\"},\"breadcrumb\":{\"@id\":\"https:\/\/www.iccas.de\/prof-melzer-und-prof-dietz-auf-der-87-jahresversammlung-der-deutschen-gesellschaft-fuer-hno-heilkunde\/#breadcrumb\"},\"inLanguage\":\"en-US\",\"potentialAction\":[{\"@type\":\"ReadAction\",\"target\":[\"https:\/\/www.iccas.de\/prof-melzer-und-prof-dietz-auf-der-87-jahresversammlung-der-deutschen-gesellschaft-fuer-hno-heilkunde\/\"]}]},{\"@type\":\"ImageObject\",\"inLanguage\":\"en-US\",\"@id\":\"https:\/\/www.iccas.de\/prof-melzer-und-prof-dietz-auf-der-87-jahresversammlung-der-deutschen-gesellschaft-fuer-hno-heilkunde\/#primaryimage\",\"url\":\"https:\/\/www.iccas.de\/wp-content\/uploads\/2018\/03\/Kongress_web.jpg\",\"contentUrl\":\"https:\/\/www.iccas.de\/wp-content\/uploads\/2018\/03\/Kongress_web.jpg\",\"width\":1000,\"height\":1000},{\"@type\":\"BreadcrumbList\",\"@id\":\"https:\/\/www.iccas.de\/prof-melzer-und-prof-dietz-auf-der-87-jahresversammlung-der-deutschen-gesellschaft-fuer-hno-heilkunde\/#breadcrumb\",\"itemListElement\":[{\"@type\":\"ListItem\",\"position\":1,\"name\":\"Home\",\"item\":\"https:\/\/www.iccas.de\/?&lang=en\"},{\"@type\":\"ListItem\",\"position\":2,\"name\":\"Prof. Melzer und Prof. Dietz auf der 87. Jahresversammlung der Deutschen Gesellschaft f\u00fcr HNO-Heilkunde\"}]},{\"@type\":\"WebSite\",\"@id\":\"https:\/\/www.iccas.de\/#website\",\"url\":\"https:\/\/www.iccas.de\/\",\"name\":\"Innovation Center Computer Assisted Surgery\",\"description\":\"\",\"potentialAction\":[{\"@type\":\"SearchAction\",\"target\":{\"@type\":\"EntryPoint\",\"urlTemplate\":\"https:\/\/www.iccas.de\/?s={search_term_string}\"},\"query-input\":{\"@type\":\"PropertyValueSpecification\",\"valueRequired\":true,\"valueName\":\"search_term_string\"}}],\"inLanguage\":\"en-US\"},{\"@type\":\"Person\",\"@id\":\"https:\/\/www.iccas.de\/#\/schema\/person\/1fe9d5b749977ad026afde6eeb1bf5de\",\"name\":\"Administrator\",\"image\":{\"@type\":\"ImageObject\",\"inLanguage\":\"en-US\",\"@id\":\"https:\/\/www.iccas.de\/#\/schema\/person\/image\/\",\"url\":\"https:\/\/secure.gravatar.com\/avatar\/4d7b579b767f3098d0ec012339493dee513fd6bd30b0c7d78ef003a5c993eccf?s=96&d=mm&r=g\",\"contentUrl\":\"https:\/\/secure.gravatar.com\/avatar\/4d7b579b767f3098d0ec012339493dee513fd6bd30b0c7d78ef003a5c993eccf?s=96&d=mm&r=g\",\"caption\":\"Administrator\"},\"url\":\"https:\/\/www.iccas.de\/en\/author\/administrator\/\"}]}<\/script>\n<!-- \/ Yoast SEO plugin. -->","yoast_head_json":{"title":"Prof. Melzer und Prof. Dietz auf der 87. Jahresversammlung der Deutschen Gesellschaft f\u00fcr HNO-Heilkunde - Innovation Center Computer Assisted Surgery","robots":{"index":"index","follow":"follow","max-snippet":"max-snippet:-1","max-image-preview":"max-image-preview:large","max-video-preview":"max-video-preview:-1"},"canonical":"https:\/\/www.iccas.de\/prof-melzer-und-prof-dietz-auf-der-87-jahresversammlung-der-deutschen-gesellschaft-fuer-hno-heilkunde\/?&lang=en","og_locale":"en_US","og_type":"article","og_title":"[:de]Prof. Melzer und Prof. Dietz auf der 87. Jahresversammlung der Deutschen Gesellschaft f\u00fcr HNO-Heilkunde[:] - Innovation Center Computer Assisted Surgery","og_description":"Die 87. Jahresversammlung der Deutschen Gesellschaft f\u00fcr Hals-Nasen-Ohren-Heilkunde, Kopf- und Hals-Chirurgie e.V. findet in diesem Jahr vom 04.-07.05.2016 im CongressCenter D\u00fcsseldorf statt. Dort \u00fcbernimmt Professor Andreas Melzer die Leitung der Sitzung &#8220;Chirurgische Assistenzverfahren&#8221; (07.05.2016, ab 10.30Uhr| Raum 2, 1.OG)). ICCAS-Vorstandsmitglied Prof. Andreas Dietz leitet die Gesch\u00e4ftssitzung der Arbeitsgemeinschaft Onkologie der Deutschen Gesellschaft f\u00fcr HNO-Heilkunde (05.05.2016, 17.30-18.30Uhr | [:en](more information)[:de](mehr lesen)","og_url":"https:\/\/www.iccas.de\/en\/prof-melzer-und-prof-dietz-auf-der-87-jahresversammlung-der-deutschen-gesellschaft-fuer-hno-heilkunde\/","og_site_name":"Innovation Center Computer Assisted Surgery","article_published_time":"2016-05-04T13:05:50+00:00","article_modified_time":"2019-08-14T11:51:07+00:00","og_image":[{"width":1000,"height":1000,"url":"https:\/\/www.iccas.de\/wp-content\/uploads\/2018\/03\/Kongress_web.jpg","type":"image\/jpeg"}],"author":"Administrator","twitter_card":"summary_large_image","twitter_misc":{"Written by":"Administrator"},"schema":{"@context":"https:\/\/schema.org","@graph":[{"@type":"Article","@id":"https:\/\/www.iccas.de\/prof-melzer-und-prof-dietz-auf-der-87-jahresversammlung-der-deutschen-gesellschaft-fuer-hno-heilkunde\/#article","isPartOf":{"@id":"https:\/\/www.iccas.de\/prof-melzer-und-prof-dietz-auf-der-87-jahresversammlung-der-deutschen-gesellschaft-fuer-hno-heilkunde\/"},"author":{"name":"Administrator","@id":"https:\/\/www.iccas.de\/#\/schema\/person\/1fe9d5b749977ad026afde6eeb1bf5de"},"headline":"Prof. Melzer und Prof. Dietz auf der 87. Jahresversammlung der Deutschen Gesellschaft f\u00fcr HNO-Heilkunde","datePublished":"2016-05-04T13:05:50+00:00","dateModified":"2019-08-14T11:51:07+00:00","mainEntityOfPage":{"@id":"https:\/\/www.iccas.de\/prof-melzer-und-prof-dietz-auf-der-87-jahresversammlung-der-deutschen-gesellschaft-fuer-hno-heilkunde\/"},"wordCount":104,"image":{"@id":"https:\/\/www.iccas.de\/prof-melzer-und-prof-dietz-auf-der-87-jahresversammlung-der-deutschen-gesellschaft-fuer-hno-heilkunde\/#primaryimage"},"thumbnailUrl":"https:\/\/www.iccas.de\/wp-content\/uploads\/2018\/03\/Kongress_web.jpg","articleSection":["News"],"inLanguage":"en-US"},{"@type":"WebPage","@id":"https:\/\/www.iccas.de\/prof-melzer-und-prof-dietz-auf-der-87-jahresversammlung-der-deutschen-gesellschaft-fuer-hno-heilkunde\/","url":"https:\/\/www.iccas.de\/prof-melzer-und-prof-dietz-auf-der-87-jahresversammlung-der-deutschen-gesellschaft-fuer-hno-heilkunde\/","name":"Prof. Melzer und Prof. Dietz auf der 87. Jahresversammlung der Deutschen Gesellschaft f\u00fcr HNO-Heilkunde","isPartOf":{"@id":"https:\/\/www.iccas.de\/#website"},"primaryImageOfPage":{"@id":"https:\/\/www.iccas.de\/prof-melzer-und-prof-dietz-auf-der-87-jahresversammlung-der-deutschen-gesellschaft-fuer-hno-heilkunde\/#primaryimage"},"image":{"@id":"https:\/\/www.iccas.de\/prof-melzer-und-prof-dietz-auf-der-87-jahresversammlung-der-deutschen-gesellschaft-fuer-hno-heilkunde\/#primaryimage"},"thumbnailUrl":"https:\/\/www.iccas.de\/wp-content\/uploads\/2018\/03\/Kongress_web.jpg","datePublished":"2016-05-04T13:05:50+00:00","dateModified":"2019-08-14T11:51:07+00:00","author":{"@id":"https:\/\/www.iccas.de\/#\/schema\/person\/1fe9d5b749977ad026afde6eeb1bf5de"},"breadcrumb":{"@id":"https:\/\/www.iccas.de\/prof-melzer-und-prof-dietz-auf-der-87-jahresversammlung-der-deutschen-gesellschaft-fuer-hno-heilkunde\/#breadcrumb"},"inLanguage":"en-US","potentialAction":[{"@type":"ReadAction","target":["https:\/\/www.iccas.de\/prof-melzer-und-prof-dietz-auf-der-87-jahresversammlung-der-deutschen-gesellschaft-fuer-hno-heilkunde\/"]}]},{"@type":"ImageObject","inLanguage":"en-US","@id":"https:\/\/www.iccas.de\/prof-melzer-und-prof-dietz-auf-der-87-jahresversammlung-der-deutschen-gesellschaft-fuer-hno-heilkunde\/#primaryimage","url":"https:\/\/www.iccas.de\/wp-content\/uploads\/2018\/03\/Kongress_web.jpg","contentUrl":"https:\/\/www.iccas.de\/wp-content\/uploads\/2018\/03\/Kongress_web.jpg","width":1000,"height":1000},{"@type":"BreadcrumbList","@id":"https:\/\/www.iccas.de\/prof-melzer-und-prof-dietz-auf-der-87-jahresversammlung-der-deutschen-gesellschaft-fuer-hno-heilkunde\/#breadcrumb","itemListElement":[{"@type":"ListItem","position":1,"name":"Home","item":"https:\/\/www.iccas.de\/?&lang=en"},{"@type":"ListItem","position":2,"name":"Prof. Melzer und Prof. Dietz auf der 87. Jahresversammlung der Deutschen Gesellschaft f\u00fcr HNO-Heilkunde"}]},{"@type":"WebSite","@id":"https:\/\/www.iccas.de\/#website","url":"https:\/\/www.iccas.de\/","name":"Innovation Center Computer Assisted Surgery","description":"","potentialAction":[{"@type":"SearchAction","target":{"@type":"EntryPoint","urlTemplate":"https:\/\/www.iccas.de\/?s={search_term_string}"},"query-input":{"@type":"PropertyValueSpecification","valueRequired":true,"valueName":"search_term_string"}}],"inLanguage":"en-US"},{"@type":"Person","@id":"https:\/\/www.iccas.de\/#\/schema\/person\/1fe9d5b749977ad026afde6eeb1bf5de","name":"Administrator","image":{"@type":"ImageObject","inLanguage":"en-US","@id":"https:\/\/www.iccas.de\/#\/schema\/person\/image\/","url":"https:\/\/secure.gravatar.com\/avatar\/4d7b579b767f3098d0ec012339493dee513fd6bd30b0c7d78ef003a5c993eccf?s=96&d=mm&r=g","contentUrl":"https:\/\/secure.gravatar.com\/avatar\/4d7b579b767f3098d0ec012339493dee513fd6bd30b0c7d78ef003a5c993eccf?s=96&d=mm&r=g","caption":"Administrator"},"url":"https:\/\/www.iccas.de\/en\/author\/administrator\/"}]}},"_links":{"self":[{"href":"https:\/\/www.iccas.de\/en\/wp-json\/wp\/v2\/posts\/13161","targetHints":{"allow":["GET"]}}],"collection":[{"href":"https:\/\/www.iccas.de\/en\/wp-json\/wp\/v2\/posts"}],"about":[{"href":"https:\/\/www.iccas.de\/en\/wp-json\/wp\/v2\/types\/post"}],"author":[{"embeddable":true,"href":"https:\/\/www.iccas.de\/en\/wp-json\/wp\/v2\/users\/1"}],"replies":[{"embeddable":true,"href":"https:\/\/www.iccas.de\/en\/wp-json\/wp\/v2\/comments?post=13161"}],"version-history":[{"count":2,"href":"https:\/\/www.iccas.de\/en\/wp-json\/wp\/v2\/posts\/13161\/revisions"}],"predecessor-version":[{"id":20707,"href":"https:\/\/www.iccas.de\/en\/wp-json\/wp\/v2\/posts\/13161\/revisions\/20707"}],"wp:featuredmedia":[{"embeddable":true,"href":"https:\/\/www.iccas.de\/en\/wp-json\/wp\/v2\/media\/15989"}],"wp:attachment":[{"href":"https:\/\/www.iccas.de\/en\/wp-json\/wp\/v2\/media?parent=13161"}],"wp:term":[{"taxonomy":"category","embeddable":true,"href":"https:\/\/www.iccas.de\/en\/wp-json\/wp\/v2\/categories?post=13161"},{"taxonomy":"post_tag","embeddable":true,"href":"https:\/\/www.iccas.de\/en\/wp-json\/wp\/v2\/tags?post=13161"}],"curies":[{"name":"wp","href":"https:\/\/api.w.org\/{rel}","templated":true}]}}