{"id":3685,"date":"2013-08-27T12:12:15","date_gmt":"2013-08-27T12:12:15","guid":{"rendered":"http:\/\/www.iccas.de\/?p=3685"},"modified":"2019-08-14T13:51:12","modified_gmt":"2019-08-14T11:51:12","slug":"iccas-beteiligung-am-medinfo-kongress-in-kopenhagen","status":"publish","type":"post","link":"https:\/\/www.iccas.de\/en\/iccas-beteiligung-am-medinfo-kongress-in-kopenhagen\/?&lang=en","title":{"rendered":"ICCAS \u2013 Beteiligung am Medinfo-Kongress in Kopenhagen"},"content":{"rendered":"<p><!--:de--><\/p>\n<p style=\"text-align: center;\"><a href=\"http:\/\/www.iccas.de\/wp-content\/uploads\/2013\/08\/20130818_202151.jpg\"><img decoding=\"async\" data-action=\"zoom\" class=\"news-image\" title=\"Bella Center Copenhagen - Austragungsort der Medinfo2013\" alt=\"Bella Center Copenhagen - Austragungsort der Medinfo2013\" src=\"http:\/\/www.iccas.de\/wp-content\/uploads\/2013\/08\/20130818_202151.jpg\" width=\"200\"\/><\/a><\/p>\n<p> Dr. Kerstin Denecke und Stefan Kropf nahmen vom 20. Bis 23. August 2013 am 14. Weltkongress f&uuml;r Medizin- und Gesundheits-Informatik (Medinfo2013) teil. Auf der internationalen Veranstaltung trafen \u00fcber 1200 Wissenschaftler aus der ganzen Welt zusammen, deren gemeinsames Interesse die Verbesserung der Informations- und Datenverarbeitung im Gesundheitswesen durch Innovationen in der Gesundheits-, Medizin- und Bio-Informatik ist.<\/p>\n<p>Frau Dr. Denecke war mit zwei wissenschaftlichen Beitr\u00e4gen auf der Veranstaltung aktiv. Die Nachwuchsgruppenleiterin der DPM-Gruppe hielt einen Vortrag auf dem Forum \u201ePanel on Social Media\u201c zu \u201eNew Trends in Health Social Media: Hype or Evidence-based Medicine\u201c und beteiligte sich an der Poster Session zum Thema \u201eOntologies, knowledge representation, data models\u201c.<\/p>\n<p>F\u00fcr Stefan Kropf waren die Tutorials \u201eopenEHR\u201c und \u201eNLP\u201c (natural language processing) sehr informativ. Besonders die Ausf\u00fchrungen zur Guideline Definition Language (GDL) werden f\u00fcr seine zuk\u00fcnftige Forschungsarbeit von Bedeutung sein. Der Nachwuchswissenschafler aus der DPM-Gruppe befasst sich mit klinischen Datenmodellen. Das Anwendungsgebiet der GDL reicht von einfachen Regeln zur Berechnung von Werten bis zur regelbasierten klinischen Entscheidungsunterst\u00fctzung. Aktuelles Ziel ist es, diese Entscheidungshilfen in einem globalen Softwareverzeichnis abzulegen und weltweit zur Verf\u00fcgung zu stellen.<\/p>\n<p style=\"text-align: justify;\"><em><a href=\"http:\/\/www.medinfo2013.dk\/\" title=\"medinfo2013\">Link zur Veranstaltung<\/a><\/em><\/p>\n<p><!--:--><\/p>\n<p><!--:en--> <\/p>\n<p style=\"text-align: center;\"><a href=\"http:\/\/www.iccas.de\/wp-content\/uploads\/2013\/08\/20130818_202151.jpg\"><img decoding=\"async\" data-action=\"zoom\" class=\"news-image\" title=\"Bella Center Copenhagen - venue of Medinfo2013\" alt=\"Bella Center Copenhagen - venue of Medinfo2013\" src=\"http:\/\/www.iccas.de\/wp-content\/uploads\/2013\/08\/20130818_202151.jpg\" width=\"200\"\/><\/a><\/p>\n<p> Dr. Kerstin Denecke and Stefan Kropf took part at the 14th World Congress on Medical and Health Informatics (Medinfo2013) from 20 to 23 August 2013. At the international event more than 1,200 scientists from around the world came together, whose common interest is to improve the information and data processing in healthcare through innovation in the health, medical and bio-informatics.<\/p>\n<p>Dr. Denecke took an active part with two scientific contributions in this event. The junior research group leader of the DPM group gave a presentation at the forum &#8220;Panel on Social Media&#8221; to the issue &#8220;New Trends in Health Social Media: Hype or Evidence-based Medicine&#8221; and participated in the poster session on &#8220;Ontologies, knowledge representation, data models &#8220;.<\/p>\n<p>For Stefan Kropf the tutorials &#8220;openEHR&#8221; and &#8220;NLP&#8221; (natural language processing) were very informative. Especially the explanation on the Guideline Definition Language (GDL) will be relevant for his future research. The young researcher from the DPM group deals with the issue of clinical data models. The area of application of the GDL ranges from simple rules for calculating values to rule-based clinical decision support. The current aim is to store these decision-making aids in a global software directory and to make them available worldwide.<\/p>\n<p style=\"text-align: justify;\"><em><a href=\"http:\/\/www.medinfo2013.dk\/\" title=\"medinfo2013\">Link zur Veranstaltung<\/a><\/em><\/p>\n<p><!--:--><\/p>\n","protected":false},"excerpt":{"rendered":"<p>(more information)<\/p>\n","protected":false},"author":1,"featured_media":0,"comment_status":"closed","ping_status":"closed","sticky":false,"template":"","format":"standard","meta":{"_acf_changed":false,"footnotes":""},"categories":[1],"tags":[],"class_list":["post-3685","post","type-post","status-publish","format-standard","hentry","category-news"],"acf":[],"yoast_head":"<!-- This site is optimized with the Yoast SEO plugin v26.8 - https:\/\/yoast.com\/product\/yoast-seo-wordpress\/ -->\n<title>ICCAS \u2013 Beteiligung am Medinfo-Kongress in Kopenhagen - Innovation Center Computer Assisted Surgery<\/title>\n<meta name=\"robots\" content=\"index, follow, max-snippet:-1, max-image-preview:large, max-video-preview:-1\" \/>\n<link rel=\"canonical\" href=\"https:\/\/www.iccas.de\/en\/iccas-beteiligung-am-medinfo-kongress-in-kopenhagen\/?&lang=en\" \/>\n<meta property=\"og:locale\" content=\"en_US\" \/>\n<meta property=\"og:locale:alternate\" content=\"de_DE\" \/>\n<meta property=\"og:type\" content=\"article\" \/>\n<meta property=\"og:title\" content=\"ICCAS \u2013 Beteiligung am Medinfo-Kongress in Kopenhagen\" \/>\n<meta property=\"og:description\" content=\"(more information)\" \/>\n<meta property=\"og:url\" content=\"https:\/\/www.iccas.de\/en\/iccas-beteiligung-am-medinfo-kongress-in-kopenhagen\/\" \/>\n<meta property=\"og:site_name\" content=\"Innovation Center Computer Assisted Surgery\" \/>\n<meta property=\"article:published_time\" content=\"2013-08-27T12:12:15+00:00\" \/>\n<meta property=\"article:modified_time\" content=\"2019-08-14T11:51:12+00:00\" \/>\n<meta property=\"og:image\" content=\"http:\/\/www.iccas.de\/wp-content\/uploads\/2013\/08\/20130818_202151.jpg\" \/>\n<meta name=\"author\" content=\"Administrator\" \/>\n<meta name=\"twitter:card\" content=\"summary_large_image\" \/>\n<meta name=\"twitter:label1\" content=\"Written by\" \/>\n\t<meta name=\"twitter:data1\" content=\"Administrator\" \/>\n\t<meta name=\"twitter:label2\" content=\"Est. reading time\" \/>\n\t<meta name=\"twitter:data2\" content=\"2 minutes\" \/>\n<script type=\"application\/ld+json\" class=\"yoast-schema-graph\">{\"@context\":\"https:\/\/schema.org\",\"@graph\":[{\"@type\":\"Article\",\"@id\":\"https:\/\/www.iccas.de\/en\/iccas-beteiligung-am-medinfo-kongress-in-kopenhagen\/#article\",\"isPartOf\":{\"@id\":\"https:\/\/www.iccas.de\/en\/iccas-beteiligung-am-medinfo-kongress-in-kopenhagen\/\"},\"author\":{\"name\":\"Administrator\",\"@id\":\"https:\/\/www.iccas.de\/#\/schema\/person\/1fe9d5b749977ad026afde6eeb1bf5de\"},\"headline\":\"ICCAS \u2013 Beteiligung am Medinfo-Kongress in Kopenhagen\",\"datePublished\":\"2013-08-27T12:12:15+00:00\",\"dateModified\":\"2019-08-14T11:51:12+00:00\",\"mainEntityOfPage\":{\"@id\":\"https:\/\/www.iccas.de\/en\/iccas-beteiligung-am-medinfo-kongress-in-kopenhagen\/\"},\"wordCount\":394,\"image\":{\"@id\":\"https:\/\/www.iccas.de\/en\/iccas-beteiligung-am-medinfo-kongress-in-kopenhagen\/#primaryimage\"},\"thumbnailUrl\":\"http:\/\/www.iccas.de\/wp-content\/uploads\/2013\/08\/20130818_202151.jpg\",\"articleSection\":[\"News\"],\"inLanguage\":\"en-US\"},{\"@type\":\"WebPage\",\"@id\":\"https:\/\/www.iccas.de\/en\/iccas-beteiligung-am-medinfo-kongress-in-kopenhagen\/\",\"url\":\"https:\/\/www.iccas.de\/en\/iccas-beteiligung-am-medinfo-kongress-in-kopenhagen\/\",\"name\":\"ICCAS \u2013 Beteiligung am Medinfo-Kongress in Kopenhagen\",\"isPartOf\":{\"@id\":\"https:\/\/www.iccas.de\/#website\"},\"primaryImageOfPage\":{\"@id\":\"https:\/\/www.iccas.de\/en\/iccas-beteiligung-am-medinfo-kongress-in-kopenhagen\/#primaryimage\"},\"image\":{\"@id\":\"https:\/\/www.iccas.de\/en\/iccas-beteiligung-am-medinfo-kongress-in-kopenhagen\/#primaryimage\"},\"thumbnailUrl\":\"http:\/\/www.iccas.de\/wp-content\/uploads\/2013\/08\/20130818_202151.jpg\",\"datePublished\":\"2013-08-27T12:12:15+00:00\",\"dateModified\":\"2019-08-14T11:51:12+00:00\",\"author\":{\"@id\":\"https:\/\/www.iccas.de\/#\/schema\/person\/1fe9d5b749977ad026afde6eeb1bf5de\"},\"breadcrumb\":{\"@id\":\"https:\/\/www.iccas.de\/en\/iccas-beteiligung-am-medinfo-kongress-in-kopenhagen\/#breadcrumb\"},\"inLanguage\":\"en-US\",\"potentialAction\":[{\"@type\":\"ReadAction\",\"target\":[\"https:\/\/www.iccas.de\/en\/iccas-beteiligung-am-medinfo-kongress-in-kopenhagen\/\"]}]},{\"@type\":\"ImageObject\",\"inLanguage\":\"en-US\",\"@id\":\"https:\/\/www.iccas.de\/en\/iccas-beteiligung-am-medinfo-kongress-in-kopenhagen\/#primaryimage\",\"url\":\"http:\/\/www.iccas.de\/wp-content\/uploads\/2013\/08\/20130818_202151.jpg\",\"contentUrl\":\"http:\/\/www.iccas.de\/wp-content\/uploads\/2013\/08\/20130818_202151.jpg\"},{\"@type\":\"BreadcrumbList\",\"@id\":\"https:\/\/www.iccas.de\/en\/iccas-beteiligung-am-medinfo-kongress-in-kopenhagen\/#breadcrumb\",\"itemListElement\":[{\"@type\":\"ListItem\",\"position\":1,\"name\":\"Home\",\"item\":\"https:\/\/www.iccas.de\/?&lang=en\"},{\"@type\":\"ListItem\",\"position\":2,\"name\":\"ICCAS \u2013 Beteiligung am Medinfo-Kongress in Kopenhagen\"}]},{\"@type\":\"WebSite\",\"@id\":\"https:\/\/www.iccas.de\/#website\",\"url\":\"https:\/\/www.iccas.de\/\",\"name\":\"Innovation Center Computer Assisted Surgery\",\"description\":\"\",\"potentialAction\":[{\"@type\":\"SearchAction\",\"target\":{\"@type\":\"EntryPoint\",\"urlTemplate\":\"https:\/\/www.iccas.de\/?s={search_term_string}\"},\"query-input\":{\"@type\":\"PropertyValueSpecification\",\"valueRequired\":true,\"valueName\":\"search_term_string\"}}],\"inLanguage\":\"en-US\"},{\"@type\":\"Person\",\"@id\":\"https:\/\/www.iccas.de\/#\/schema\/person\/1fe9d5b749977ad026afde6eeb1bf5de\",\"name\":\"Administrator\",\"image\":{\"@type\":\"ImageObject\",\"inLanguage\":\"en-US\",\"@id\":\"https:\/\/www.iccas.de\/#\/schema\/person\/image\/\",\"url\":\"https:\/\/secure.gravatar.com\/avatar\/4d7b579b767f3098d0ec012339493dee513fd6bd30b0c7d78ef003a5c993eccf?s=96&d=mm&r=g\",\"contentUrl\":\"https:\/\/secure.gravatar.com\/avatar\/4d7b579b767f3098d0ec012339493dee513fd6bd30b0c7d78ef003a5c993eccf?s=96&d=mm&r=g\",\"caption\":\"Administrator\"},\"url\":\"https:\/\/www.iccas.de\/en\/author\/administrator\/\"}]}<\/script>\n<!-- \/ Yoast SEO plugin. -->","yoast_head_json":{"title":"ICCAS \u2013 Beteiligung am Medinfo-Kongress in Kopenhagen - Innovation Center Computer Assisted Surgery","robots":{"index":"index","follow":"follow","max-snippet":"max-snippet:-1","max-image-preview":"max-image-preview:large","max-video-preview":"max-video-preview:-1"},"canonical":"https:\/\/www.iccas.de\/en\/iccas-beteiligung-am-medinfo-kongress-in-kopenhagen\/?&lang=en","og_locale":"en_US","og_type":"article","og_title":"[:de]ICCAS \u2013 Beteiligung am Medinfo-Kongress in Kopenhagen[:] - Innovation Center Computer Assisted Surgery","og_description":"Dr. Kerstin Denecke und Stefan Kropf nahmen vom 20. Bis 23. August 2013 am 14. Weltkongress f&uuml;r Medizin- und Gesundheits-Informatik (Medinfo2013) teil. Auf der internationalen Veranstaltung trafen \u00fcber 1200 Wissenschaftler aus der ganzen Welt zusammen, deren gemeinsames Interesse die Verbesserung der Informations- und Datenverarbeitung im Gesundheitswesen durch Innovationen in der Gesundheits-, Medizin- und Bio-Informatik ist. Frau Dr. [:en](more information)[:de](mehr lesen)","og_url":"https:\/\/www.iccas.de\/en\/iccas-beteiligung-am-medinfo-kongress-in-kopenhagen\/","og_site_name":"Innovation Center Computer Assisted Surgery","article_published_time":"2013-08-27T12:12:15+00:00","article_modified_time":"2019-08-14T11:51:12+00:00","og_image":[{"url":"http:\/\/www.iccas.de\/wp-content\/uploads\/2013\/08\/20130818_202151.jpg","type":"","width":"","height":""}],"author":"Administrator","twitter_card":"summary_large_image","twitter_misc":{"Written by":"Administrator","Est. reading time":"2 minutes"},"schema":{"@context":"https:\/\/schema.org","@graph":[{"@type":"Article","@id":"https:\/\/www.iccas.de\/en\/iccas-beteiligung-am-medinfo-kongress-in-kopenhagen\/#article","isPartOf":{"@id":"https:\/\/www.iccas.de\/en\/iccas-beteiligung-am-medinfo-kongress-in-kopenhagen\/"},"author":{"name":"Administrator","@id":"https:\/\/www.iccas.de\/#\/schema\/person\/1fe9d5b749977ad026afde6eeb1bf5de"},"headline":"ICCAS \u2013 Beteiligung am Medinfo-Kongress in Kopenhagen","datePublished":"2013-08-27T12:12:15+00:00","dateModified":"2019-08-14T11:51:12+00:00","mainEntityOfPage":{"@id":"https:\/\/www.iccas.de\/en\/iccas-beteiligung-am-medinfo-kongress-in-kopenhagen\/"},"wordCount":394,"image":{"@id":"https:\/\/www.iccas.de\/en\/iccas-beteiligung-am-medinfo-kongress-in-kopenhagen\/#primaryimage"},"thumbnailUrl":"http:\/\/www.iccas.de\/wp-content\/uploads\/2013\/08\/20130818_202151.jpg","articleSection":["News"],"inLanguage":"en-US"},{"@type":"WebPage","@id":"https:\/\/www.iccas.de\/en\/iccas-beteiligung-am-medinfo-kongress-in-kopenhagen\/","url":"https:\/\/www.iccas.de\/en\/iccas-beteiligung-am-medinfo-kongress-in-kopenhagen\/","name":"ICCAS \u2013 Beteiligung am Medinfo-Kongress in Kopenhagen","isPartOf":{"@id":"https:\/\/www.iccas.de\/#website"},"primaryImageOfPage":{"@id":"https:\/\/www.iccas.de\/en\/iccas-beteiligung-am-medinfo-kongress-in-kopenhagen\/#primaryimage"},"image":{"@id":"https:\/\/www.iccas.de\/en\/iccas-beteiligung-am-medinfo-kongress-in-kopenhagen\/#primaryimage"},"thumbnailUrl":"http:\/\/www.iccas.de\/wp-content\/uploads\/2013\/08\/20130818_202151.jpg","datePublished":"2013-08-27T12:12:15+00:00","dateModified":"2019-08-14T11:51:12+00:00","author":{"@id":"https:\/\/www.iccas.de\/#\/schema\/person\/1fe9d5b749977ad026afde6eeb1bf5de"},"breadcrumb":{"@id":"https:\/\/www.iccas.de\/en\/iccas-beteiligung-am-medinfo-kongress-in-kopenhagen\/#breadcrumb"},"inLanguage":"en-US","potentialAction":[{"@type":"ReadAction","target":["https:\/\/www.iccas.de\/en\/iccas-beteiligung-am-medinfo-kongress-in-kopenhagen\/"]}]},{"@type":"ImageObject","inLanguage":"en-US","@id":"https:\/\/www.iccas.de\/en\/iccas-beteiligung-am-medinfo-kongress-in-kopenhagen\/#primaryimage","url":"http:\/\/www.iccas.de\/wp-content\/uploads\/2013\/08\/20130818_202151.jpg","contentUrl":"http:\/\/www.iccas.de\/wp-content\/uploads\/2013\/08\/20130818_202151.jpg"},{"@type":"BreadcrumbList","@id":"https:\/\/www.iccas.de\/en\/iccas-beteiligung-am-medinfo-kongress-in-kopenhagen\/#breadcrumb","itemListElement":[{"@type":"ListItem","position":1,"name":"Home","item":"https:\/\/www.iccas.de\/?&lang=en"},{"@type":"ListItem","position":2,"name":"ICCAS \u2013 Beteiligung am Medinfo-Kongress in Kopenhagen"}]},{"@type":"WebSite","@id":"https:\/\/www.iccas.de\/#website","url":"https:\/\/www.iccas.de\/","name":"Innovation Center Computer Assisted Surgery","description":"","potentialAction":[{"@type":"SearchAction","target":{"@type":"EntryPoint","urlTemplate":"https:\/\/www.iccas.de\/?s={search_term_string}"},"query-input":{"@type":"PropertyValueSpecification","valueRequired":true,"valueName":"search_term_string"}}],"inLanguage":"en-US"},{"@type":"Person","@id":"https:\/\/www.iccas.de\/#\/schema\/person\/1fe9d5b749977ad026afde6eeb1bf5de","name":"Administrator","image":{"@type":"ImageObject","inLanguage":"en-US","@id":"https:\/\/www.iccas.de\/#\/schema\/person\/image\/","url":"https:\/\/secure.gravatar.com\/avatar\/4d7b579b767f3098d0ec012339493dee513fd6bd30b0c7d78ef003a5c993eccf?s=96&d=mm&r=g","contentUrl":"https:\/\/secure.gravatar.com\/avatar\/4d7b579b767f3098d0ec012339493dee513fd6bd30b0c7d78ef003a5c993eccf?s=96&d=mm&r=g","caption":"Administrator"},"url":"https:\/\/www.iccas.de\/en\/author\/administrator\/"}]}},"_links":{"self":[{"href":"https:\/\/www.iccas.de\/en\/wp-json\/wp\/v2\/posts\/3685","targetHints":{"allow":["GET"]}}],"collection":[{"href":"https:\/\/www.iccas.de\/en\/wp-json\/wp\/v2\/posts"}],"about":[{"href":"https:\/\/www.iccas.de\/en\/wp-json\/wp\/v2\/types\/post"}],"author":[{"embeddable":true,"href":"https:\/\/www.iccas.de\/en\/wp-json\/wp\/v2\/users\/1"}],"replies":[{"embeddable":true,"href":"https:\/\/www.iccas.de\/en\/wp-json\/wp\/v2\/comments?post=3685"}],"version-history":[{"count":1,"href":"https:\/\/www.iccas.de\/en\/wp-json\/wp\/v2\/posts\/3685\/revisions"}],"predecessor-version":[{"id":20827,"href":"https:\/\/www.iccas.de\/en\/wp-json\/wp\/v2\/posts\/3685\/revisions\/20827"}],"wp:attachment":[{"href":"https:\/\/www.iccas.de\/en\/wp-json\/wp\/v2\/media?parent=3685"}],"wp:term":[{"taxonomy":"category","embeddable":true,"href":"https:\/\/www.iccas.de\/en\/wp-json\/wp\/v2\/categories?post=3685"},{"taxonomy":"post_tag","embeddable":true,"href":"https:\/\/www.iccas.de\/en\/wp-json\/wp\/v2\/tags?post=3685"}],"curies":[{"name":"wp","href":"https:\/\/api.w.org\/{rel}","templated":true}]}}