{"id":8278,"date":"2014-09-16T13:26:58","date_gmt":"2014-09-16T11:26:58","guid":{"rendered":"http:\/\/www.iccas.de\/?p=8278"},"modified":"2019-08-14T13:51:10","modified_gmt":"2019-08-14T11:51:10","slug":"iccas-mit-beitraegen-auf-der-13-curac-jahrestagung","status":"publish","type":"post","link":"https:\/\/www.iccas.de\/en\/iccas-mit-beitraegen-auf-der-13-curac-jahrestagung\/?&lang=en","title":{"rendered":"ICCAS mit Beitr\u00e4gen auf der 13. CURAC Jahrestagung"},"content":{"rendered":"<p><!--:de--><a href=\"http:\/\/www.iccas.de\/wp-content\/uploads\/2014\/09\/header.conferencegk-is-1051.png\"><img decoding=\"async\" data-action=\"zoom\" src=\"http:\/\/www.iccas.de\/wp-content\/uploads\/2014\/09\/header.conferencegk-is-1051.png\" alt=\"header.conferencegk-is-105\" class=\"alignleft size-medium wp-image-8285\" \/><\/a>15. September 2014<\/p>\n<p>Die Deutsche Gesellschaft f\u00fcr Computer- und Roboterassistierte Chirurgie veranstaltete ihre diesj\u00e4hrige Jahrestagung in den R\u00e4umlichkeiten des Klinikums rechts der Isar der Technischen Universit\u00e4t M\u00fcnchen. Dort tauschten Anwender und Wissenschaftler der Bereiche Chirurgie, Informationstechnik sowie Ingenieurwissenschaften deutscher Institute ihre aktuellen Forschungsergebnisse aus und diskutierten neue Ziele. An dem vielseitigen Programm, das \u201eSynergie durch Interdisziplinarit\u00e4t\u201c anstrebte, nahmen Prof. Thomas Neumuth, Jens Meier, Bernhard Glaser und Max Rockstroh vom Forschungsfeld MAI teil. <\/p>\n<p>CURAC-Beiratsmitglied Prof. Neumuth \u00fcbte den Vorsitz der Fachsitzung \u201ePatientenmodelle und Workflow I\u201c aus. In dieser referierte Jens Meier zum Thema \u201eAggregation patientenspezifischer Informationen zur Unterst\u00fctzung der onkologischen Hals-, Nasen-, Ohren Chirurgie\u201c. Bernhard Glaser pr\u00e4sentierte seine \u201eKonzeption einer Kommunikationsarchitektur f\u00fcr ein OP-Instrumententisch-Simulationssystem\u201c in der Session \u201eSimulation, Training und Ausbildung\u201c.  <\/p>\n<p><!--:--><!--:en--><a href=\"http:\/\/www.iccas.de\/wp-content\/uploads\/2014\/09\/header.conferencegk-is-1051.png\"><img decoding=\"async\" data-action=\"zoom\" src=\"http:\/\/www.iccas.de\/wp-content\/uploads\/2014\/09\/header.conferencegk-is-1051.png\" alt=\"header.conferencegk-is-105\" class=\"alignleft size-medium wp-image-8285\" \/><\/a>15 September 2014<\/p>\n<p>This year, the German Society for Computer and Roboter-Assisted Surgery hold its annual meeting in the premises of the Klinikum rechts der Isar &#8211; Technische Universit\u00e4t M\u00fcnchen. There, users and scientists of the areas surgery, information technology and engineering from German institutes exchanged their current research results and discussed new targets. Prof. Thomas Neumuth, Jens Meier, Bernhard Glaser and Max Rockstroh took part at the varied program which aimed \u201cSynergy through interdisciplinary\u201d.<\/p>\n<p>CURAC-board member Prof. Neumuth chaired the session \u201cPatient Models and Workflow\u201d. In this, Jens Meier spoke about the theme \u201cAggregation of patient specific information to support the oncologic throat-, nose-, ear surgery. Bernhard Glaser presented his \u201cConception of a communication architecture for an OR-instrument table-simulation system\u201d in the session \u201cSimulation, Training and Education\u201d.<br \/>\n<!--:--><\/p>\n","protected":false},"excerpt":{"rendered":"<p>(more information)<\/p>\n","protected":false},"author":1,"featured_media":0,"comment_status":"closed","ping_status":"closed","sticky":false,"template":"","format":"standard","meta":{"_acf_changed":false,"footnotes":""},"categories":[1],"tags":[],"class_list":["post-8278","post","type-post","status-publish","format-standard","hentry","category-news"],"acf":[],"yoast_head":"<!-- This site is optimized with the Yoast SEO plugin v26.8 - https:\/\/yoast.com\/product\/yoast-seo-wordpress\/ -->\n<title>ICCAS mit Beitr\u00e4gen auf der 13. CURAC Jahrestagung - Innovation Center Computer Assisted Surgery<\/title>\n<meta name=\"robots\" content=\"index, follow, max-snippet:-1, max-image-preview:large, max-video-preview:-1\" \/>\n<link rel=\"canonical\" href=\"https:\/\/www.iccas.de\/iccas-mit-beitraegen-auf-der-13-curac-jahrestagung\/?&lang=en\" \/>\n<meta property=\"og:locale\" content=\"en_US\" \/>\n<meta property=\"og:locale:alternate\" content=\"de_DE\" \/>\n<meta property=\"og:type\" content=\"article\" \/>\n<meta property=\"og:title\" content=\"ICCAS mit Beitr\u00e4gen auf der 13. CURAC Jahrestagung\" \/>\n<meta property=\"og:description\" content=\"(more information)\" \/>\n<meta property=\"og:url\" content=\"https:\/\/www.iccas.de\/en\/iccas-mit-beitraegen-auf-der-13-curac-jahrestagung\/\" \/>\n<meta property=\"og:site_name\" content=\"Innovation Center Computer Assisted Surgery\" \/>\n<meta property=\"article:published_time\" content=\"2014-09-16T11:26:58+00:00\" \/>\n<meta property=\"article:modified_time\" content=\"2019-08-14T11:51:10+00:00\" \/>\n<meta property=\"og:image\" content=\"http:\/\/www.iccas.de\/wp-content\/uploads\/2014\/09\/header.conferencegk-is-1051.png\" \/>\n<meta name=\"author\" content=\"Administrator\" \/>\n<meta name=\"twitter:card\" content=\"summary_large_image\" \/>\n<meta name=\"twitter:label1\" content=\"Written by\" \/>\n\t<meta name=\"twitter:data1\" content=\"Administrator\" \/>\n\t<meta name=\"twitter:label2\" content=\"Est. reading time\" \/>\n\t<meta name=\"twitter:data2\" content=\"1 minute\" \/>\n<script type=\"application\/ld+json\" class=\"yoast-schema-graph\">{\"@context\":\"https:\/\/schema.org\",\"@graph\":[{\"@type\":\"Article\",\"@id\":\"https:\/\/www.iccas.de\/iccas-mit-beitraegen-auf-der-13-curac-jahrestagung\/#article\",\"isPartOf\":{\"@id\":\"https:\/\/www.iccas.de\/iccas-mit-beitraegen-auf-der-13-curac-jahrestagung\/\"},\"author\":{\"name\":\"Administrator\",\"@id\":\"https:\/\/www.iccas.de\/#\/schema\/person\/1fe9d5b749977ad026afde6eeb1bf5de\"},\"headline\":\"ICCAS mit Beitr\u00e4gen auf der 13. CURAC Jahrestagung\",\"datePublished\":\"2014-09-16T11:26:58+00:00\",\"dateModified\":\"2019-08-14T11:51:10+00:00\",\"mainEntityOfPage\":{\"@id\":\"https:\/\/www.iccas.de\/iccas-mit-beitraegen-auf-der-13-curac-jahrestagung\/\"},\"wordCount\":264,\"image\":{\"@id\":\"https:\/\/www.iccas.de\/iccas-mit-beitraegen-auf-der-13-curac-jahrestagung\/#primaryimage\"},\"thumbnailUrl\":\"http:\/\/www.iccas.de\/wp-content\/uploads\/2014\/09\/header.conferencegk-is-1051.png\",\"articleSection\":[\"News\"],\"inLanguage\":\"en-US\"},{\"@type\":\"WebPage\",\"@id\":\"https:\/\/www.iccas.de\/iccas-mit-beitraegen-auf-der-13-curac-jahrestagung\/\",\"url\":\"https:\/\/www.iccas.de\/iccas-mit-beitraegen-auf-der-13-curac-jahrestagung\/\",\"name\":\"ICCAS mit Beitr\u00e4gen auf der 13. CURAC Jahrestagung\",\"isPartOf\":{\"@id\":\"https:\/\/www.iccas.de\/#website\"},\"primaryImageOfPage\":{\"@id\":\"https:\/\/www.iccas.de\/iccas-mit-beitraegen-auf-der-13-curac-jahrestagung\/#primaryimage\"},\"image\":{\"@id\":\"https:\/\/www.iccas.de\/iccas-mit-beitraegen-auf-der-13-curac-jahrestagung\/#primaryimage\"},\"thumbnailUrl\":\"http:\/\/www.iccas.de\/wp-content\/uploads\/2014\/09\/header.conferencegk-is-1051.png\",\"datePublished\":\"2014-09-16T11:26:58+00:00\",\"dateModified\":\"2019-08-14T11:51:10+00:00\",\"author\":{\"@id\":\"https:\/\/www.iccas.de\/#\/schema\/person\/1fe9d5b749977ad026afde6eeb1bf5de\"},\"breadcrumb\":{\"@id\":\"https:\/\/www.iccas.de\/iccas-mit-beitraegen-auf-der-13-curac-jahrestagung\/#breadcrumb\"},\"inLanguage\":\"en-US\",\"potentialAction\":[{\"@type\":\"ReadAction\",\"target\":[\"https:\/\/www.iccas.de\/iccas-mit-beitraegen-auf-der-13-curac-jahrestagung\/\"]}]},{\"@type\":\"ImageObject\",\"inLanguage\":\"en-US\",\"@id\":\"https:\/\/www.iccas.de\/iccas-mit-beitraegen-auf-der-13-curac-jahrestagung\/#primaryimage\",\"url\":\"http:\/\/www.iccas.de\/wp-content\/uploads\/2014\/09\/header.conferencegk-is-1051.png\",\"contentUrl\":\"http:\/\/www.iccas.de\/wp-content\/uploads\/2014\/09\/header.conferencegk-is-1051.png\"},{\"@type\":\"BreadcrumbList\",\"@id\":\"https:\/\/www.iccas.de\/iccas-mit-beitraegen-auf-der-13-curac-jahrestagung\/#breadcrumb\",\"itemListElement\":[{\"@type\":\"ListItem\",\"position\":1,\"name\":\"Home\",\"item\":\"https:\/\/www.iccas.de\/?&lang=en\"},{\"@type\":\"ListItem\",\"position\":2,\"name\":\"ICCAS mit Beitr\u00e4gen auf der 13. CURAC Jahrestagung\"}]},{\"@type\":\"WebSite\",\"@id\":\"https:\/\/www.iccas.de\/#website\",\"url\":\"https:\/\/www.iccas.de\/\",\"name\":\"Innovation Center Computer Assisted Surgery\",\"description\":\"\",\"potentialAction\":[{\"@type\":\"SearchAction\",\"target\":{\"@type\":\"EntryPoint\",\"urlTemplate\":\"https:\/\/www.iccas.de\/?s={search_term_string}\"},\"query-input\":{\"@type\":\"PropertyValueSpecification\",\"valueRequired\":true,\"valueName\":\"search_term_string\"}}],\"inLanguage\":\"en-US\"},{\"@type\":\"Person\",\"@id\":\"https:\/\/www.iccas.de\/#\/schema\/person\/1fe9d5b749977ad026afde6eeb1bf5de\",\"name\":\"Administrator\",\"image\":{\"@type\":\"ImageObject\",\"inLanguage\":\"en-US\",\"@id\":\"https:\/\/www.iccas.de\/#\/schema\/person\/image\/\",\"url\":\"https:\/\/secure.gravatar.com\/avatar\/4d7b579b767f3098d0ec012339493dee513fd6bd30b0c7d78ef003a5c993eccf?s=96&d=mm&r=g\",\"contentUrl\":\"https:\/\/secure.gravatar.com\/avatar\/4d7b579b767f3098d0ec012339493dee513fd6bd30b0c7d78ef003a5c993eccf?s=96&d=mm&r=g\",\"caption\":\"Administrator\"},\"url\":\"https:\/\/www.iccas.de\/en\/author\/administrator\/\"}]}<\/script>\n<!-- \/ Yoast SEO plugin. -->","yoast_head_json":{"title":"ICCAS mit Beitr\u00e4gen auf der 13. CURAC Jahrestagung - Innovation Center Computer Assisted Surgery","robots":{"index":"index","follow":"follow","max-snippet":"max-snippet:-1","max-image-preview":"max-image-preview:large","max-video-preview":"max-video-preview:-1"},"canonical":"https:\/\/www.iccas.de\/iccas-mit-beitraegen-auf-der-13-curac-jahrestagung\/?&lang=en","og_locale":"en_US","og_type":"article","og_title":"[:de]ICCAS mit Beitr\u00e4gen auf der 13. CURAC Jahrestagung[:] - Innovation Center Computer Assisted Surgery","og_description":"15. September 2014 Die Deutsche Gesellschaft f\u00fcr Computer- und Roboterassistierte Chirurgie veranstaltete ihre diesj\u00e4hrige Jahrestagung in den R\u00e4umlichkeiten des Klinikums rechts der Isar der Technischen Universit\u00e4t M\u00fcnchen. Dort tauschten Anwender und Wissenschaftler der Bereiche Chirurgie, Informationstechnik sowie Ingenieurwissenschaften deutscher Institute ihre aktuellen Forschungsergebnisse aus und diskutierten neue Ziele. An dem vielseitigen Programm, das \u201eSynergie durch Interdisziplinarit\u00e4t\u201c anstrebte, [:en](more information)[:de](mehr lesen)","og_url":"https:\/\/www.iccas.de\/en\/iccas-mit-beitraegen-auf-der-13-curac-jahrestagung\/","og_site_name":"Innovation Center Computer Assisted Surgery","article_published_time":"2014-09-16T11:26:58+00:00","article_modified_time":"2019-08-14T11:51:10+00:00","og_image":[{"url":"http:\/\/www.iccas.de\/wp-content\/uploads\/2014\/09\/header.conferencegk-is-1051.png","type":"","width":"","height":""}],"author":"Administrator","twitter_card":"summary_large_image","twitter_misc":{"Written by":"Administrator","Est. reading time":"1 minute"},"schema":{"@context":"https:\/\/schema.org","@graph":[{"@type":"Article","@id":"https:\/\/www.iccas.de\/iccas-mit-beitraegen-auf-der-13-curac-jahrestagung\/#article","isPartOf":{"@id":"https:\/\/www.iccas.de\/iccas-mit-beitraegen-auf-der-13-curac-jahrestagung\/"},"author":{"name":"Administrator","@id":"https:\/\/www.iccas.de\/#\/schema\/person\/1fe9d5b749977ad026afde6eeb1bf5de"},"headline":"ICCAS mit Beitr\u00e4gen auf der 13. CURAC Jahrestagung","datePublished":"2014-09-16T11:26:58+00:00","dateModified":"2019-08-14T11:51:10+00:00","mainEntityOfPage":{"@id":"https:\/\/www.iccas.de\/iccas-mit-beitraegen-auf-der-13-curac-jahrestagung\/"},"wordCount":264,"image":{"@id":"https:\/\/www.iccas.de\/iccas-mit-beitraegen-auf-der-13-curac-jahrestagung\/#primaryimage"},"thumbnailUrl":"http:\/\/www.iccas.de\/wp-content\/uploads\/2014\/09\/header.conferencegk-is-1051.png","articleSection":["News"],"inLanguage":"en-US"},{"@type":"WebPage","@id":"https:\/\/www.iccas.de\/iccas-mit-beitraegen-auf-der-13-curac-jahrestagung\/","url":"https:\/\/www.iccas.de\/iccas-mit-beitraegen-auf-der-13-curac-jahrestagung\/","name":"ICCAS mit Beitr\u00e4gen auf der 13. CURAC Jahrestagung","isPartOf":{"@id":"https:\/\/www.iccas.de\/#website"},"primaryImageOfPage":{"@id":"https:\/\/www.iccas.de\/iccas-mit-beitraegen-auf-der-13-curac-jahrestagung\/#primaryimage"},"image":{"@id":"https:\/\/www.iccas.de\/iccas-mit-beitraegen-auf-der-13-curac-jahrestagung\/#primaryimage"},"thumbnailUrl":"http:\/\/www.iccas.de\/wp-content\/uploads\/2014\/09\/header.conferencegk-is-1051.png","datePublished":"2014-09-16T11:26:58+00:00","dateModified":"2019-08-14T11:51:10+00:00","author":{"@id":"https:\/\/www.iccas.de\/#\/schema\/person\/1fe9d5b749977ad026afde6eeb1bf5de"},"breadcrumb":{"@id":"https:\/\/www.iccas.de\/iccas-mit-beitraegen-auf-der-13-curac-jahrestagung\/#breadcrumb"},"inLanguage":"en-US","potentialAction":[{"@type":"ReadAction","target":["https:\/\/www.iccas.de\/iccas-mit-beitraegen-auf-der-13-curac-jahrestagung\/"]}]},{"@type":"ImageObject","inLanguage":"en-US","@id":"https:\/\/www.iccas.de\/iccas-mit-beitraegen-auf-der-13-curac-jahrestagung\/#primaryimage","url":"http:\/\/www.iccas.de\/wp-content\/uploads\/2014\/09\/header.conferencegk-is-1051.png","contentUrl":"http:\/\/www.iccas.de\/wp-content\/uploads\/2014\/09\/header.conferencegk-is-1051.png"},{"@type":"BreadcrumbList","@id":"https:\/\/www.iccas.de\/iccas-mit-beitraegen-auf-der-13-curac-jahrestagung\/#breadcrumb","itemListElement":[{"@type":"ListItem","position":1,"name":"Home","item":"https:\/\/www.iccas.de\/?&lang=en"},{"@type":"ListItem","position":2,"name":"ICCAS mit Beitr\u00e4gen auf der 13. CURAC Jahrestagung"}]},{"@type":"WebSite","@id":"https:\/\/www.iccas.de\/#website","url":"https:\/\/www.iccas.de\/","name":"Innovation Center Computer Assisted Surgery","description":"","potentialAction":[{"@type":"SearchAction","target":{"@type":"EntryPoint","urlTemplate":"https:\/\/www.iccas.de\/?s={search_term_string}"},"query-input":{"@type":"PropertyValueSpecification","valueRequired":true,"valueName":"search_term_string"}}],"inLanguage":"en-US"},{"@type":"Person","@id":"https:\/\/www.iccas.de\/#\/schema\/person\/1fe9d5b749977ad026afde6eeb1bf5de","name":"Administrator","image":{"@type":"ImageObject","inLanguage":"en-US","@id":"https:\/\/www.iccas.de\/#\/schema\/person\/image\/","url":"https:\/\/secure.gravatar.com\/avatar\/4d7b579b767f3098d0ec012339493dee513fd6bd30b0c7d78ef003a5c993eccf?s=96&d=mm&r=g","contentUrl":"https:\/\/secure.gravatar.com\/avatar\/4d7b579b767f3098d0ec012339493dee513fd6bd30b0c7d78ef003a5c993eccf?s=96&d=mm&r=g","caption":"Administrator"},"url":"https:\/\/www.iccas.de\/en\/author\/administrator\/"}]}},"_links":{"self":[{"href":"https:\/\/www.iccas.de\/en\/wp-json\/wp\/v2\/posts\/8278","targetHints":{"allow":["GET"]}}],"collection":[{"href":"https:\/\/www.iccas.de\/en\/wp-json\/wp\/v2\/posts"}],"about":[{"href":"https:\/\/www.iccas.de\/en\/wp-json\/wp\/v2\/types\/post"}],"author":[{"embeddable":true,"href":"https:\/\/www.iccas.de\/en\/wp-json\/wp\/v2\/users\/1"}],"replies":[{"embeddable":true,"href":"https:\/\/www.iccas.de\/en\/wp-json\/wp\/v2\/comments?post=8278"}],"version-history":[{"count":1,"href":"https:\/\/www.iccas.de\/en\/wp-json\/wp\/v2\/posts\/8278\/revisions"}],"predecessor-version":[{"id":20777,"href":"https:\/\/www.iccas.de\/en\/wp-json\/wp\/v2\/posts\/8278\/revisions\/20777"}],"wp:attachment":[{"href":"https:\/\/www.iccas.de\/en\/wp-json\/wp\/v2\/media?parent=8278"}],"wp:term":[{"taxonomy":"category","embeddable":true,"href":"https:\/\/www.iccas.de\/en\/wp-json\/wp\/v2\/categories?post=8278"},{"taxonomy":"post_tag","embeddable":true,"href":"https:\/\/www.iccas.de\/en\/wp-json\/wp\/v2\/tags?post=8278"}],"curies":[{"name":"wp","href":"https:\/\/api.w.org\/{rel}","templated":true}]}}